{"id":92551,"date":"2026-03-07T14:54:42","date_gmt":"2026-03-07T11:54:42","guid":{"rendered":"https:\/\/www.egemtv.com\/?p=92551"},"modified":"2026-03-07T14:54:43","modified_gmt":"2026-03-07T11:54:43","slug":"kizilay-450-cocugu-gonul-sofrasinda-bulusturdu","status":"publish","type":"post","link":"https:\/\/www.egemtv.com\/?p=92551","title":{"rendered":"K\u0131z\u0131lay 450 \u00e7ocu\u011fu g\u00f6n\u00fcl sofras\u0131nda bulu\u015fturdu"},"content":{"rendered":"<p>T\u00fcrk K\u0131z\u0131lay Denizli \u0130l Merkezi Ba\u015fkanl\u0131\u011f\u0131, D\u00fcnya Yetimler G\u00fcn\u00fc \u00e7er\u00e7evesinde d\u00fczenledi\u011fi anlaml\u0131 iftar program\u0131nda 450 yetim \u00e7ocuk ve ailesini ayn\u0131 sofrada bulu\u015fturdu. Renkli g\u00f6r\u00fcnt\u00fclerin ya\u015fand\u0131\u011f\u0131 programda mehteran g\u00f6sterisi ve hediyelerle \u00e7ocuklar\u0131n y\u00fcz\u00fc g\u00fcld\u00fc.<br \/>\n<br \/>T\u00fcrk K\u0131z\u0131lay Denizli \u0130l Merkezi Ba\u015fkanl\u0131\u011f\u0131, Ramazan ay\u0131n\u0131n bereketini ve dayan\u0131\u015fma ruhunu d\u00fczenlenen \u00f6zel bir programla ta\u00e7land\u0131rd\u0131. D\u00fcnya Yetimler G\u00fcn\u00fc kapsam\u0131nda ger\u00e7ekle\u015ftirilen iftar organizasyonuna, 450 yetim \u00e7ocuk ve aileleri kat\u0131l\u0131m sa\u011flad\u0131. Payla\u015fma ve karde\u015flik duygular\u0131n\u0131n en \u00fcst seviyede hissedildi\u011fi programda, \u00e7ocuklar ve aileleri s\u0131cak bir ortamda oru\u00e7lar\u0131n\u0131 a\u00e7man\u0131n mutlulu\u011funu ya\u015fad\u0131. Denizli Valisi Yavuz Selim K\u00f6\u015fger\u2019in de kat\u0131ld\u0131\u011f\u0131 programda, protokol \u00fcyeleri masalar\u0131 tek tek dola\u015farak \u00e7ocuklarla yak\u0131ndan ilgilendi. \u0130ftar\u0131n ard\u0131ndan \u00e7ocuklarla uzun s\u00fcre sohbet eden Vali K\u00f6\u015fger, onlara \u00e7e\u015fitli hediyeler takdim ederek bayram \u00f6ncesi sevin\u00e7lerine ortak oldu. Programa Vali K\u00f6\u015fger\u2019in yan\u0131 s\u0131ra Aile ve Sosyal Hizmetler \u0130l M\u00fcd\u00fcr\u00fc Ekrem Boran, T\u00fcrk K\u0131z\u0131lay Denizli \u0130l Ba\u015fkan\u0131 P\u0131nar G\u00f6k\u00e7e, y\u00f6netim kurulu \u00fcyeleri ve \u00e7ok say\u0131da K\u0131z\u0131lay g\u00f6n\u00fcll\u00fcs\u00fc e\u015flik etti. Gecede \u00e7ocuklar i\u00e7in her ayr\u0131nt\u0131 titizlikle d\u00fc\u015f\u00fcn\u00fcld\u00fc. Sahne alan Fetih 1453 Mehteran Ekibi, sergiledikleri g\u00f6steriyle kat\u0131l\u0131mc\u0131lara co\u015fkulu anlar ya\u015fatt\u0131. Programda ayr\u0131ca \u00e7ocuklara geleneksel macun ikram\u0131 yap\u0131larak Ramazan gelenekleri ya\u015fat\u0131ld\u0131. Etkinlik boyunca \u00e7ocuklar\u0131n y\u00fczlerindeki tebess\u00fcm, Ramazan ay\u0131n\u0131n manevi atmosferini bir kez daha g\u00f6zler \u00f6n\u00fcne serdi. T\u00fcrk K\u0131z\u0131lay Denizli \u0130l Ba\u015fkan\u0131 P\u0131nar G\u00f6k\u00e7e; yetim \u00e7ocuklar\u0131n ve ailelerinin her zaman yan\u0131nda olmaya devam edeceklerini ifade etti.<br \/><\/p>\n","protected":false},"excerpt":{"rendered":"<p>T\u00fcrk K\u0131z\u0131lay Denizli \u0130l Merkezi Ba\u015fkanl\u0131\u011f\u0131, D\u00fcnya Yetimler G\u00fcn\u00fc \u00e7er\u00e7evesinde d\u00fczenledi\u011fi anlaml\u0131 iftar program\u0131nda 450 yetim \u00e7ocuk ve ailesini ayn\u0131 sofrada bulu\u015fturdu. Renkli g\u00f6r\u00fcnt\u00fclerin ya\u015fand\u0131\u011f\u0131 programda mehteran g\u00f6sterisi ve hediyelerle \u00e7ocuklar\u0131n y\u00fcz\u00fc g\u00fcld\u00fc. T\u00fcrk K\u0131z\u0131lay Denizli \u0130l Merkezi Ba\u015fkanl\u0131\u011f\u0131, Ramazan ay\u0131n\u0131n bereketini ve dayan\u0131\u015fma ruhunu d\u00fczenlenen \u00f6zel bir programla ta\u00e7land\u0131rd\u0131. D\u00fcnya Yetimler G\u00fcn\u00fc kapsam\u0131nda ger\u00e7ekle\u015ftirilen&#8230;<\/p>\n","protected":false},"author":1,"featured_media":92552,"comment_status":"open","ping_status":"open","sticky":false,"template":"","format":"standard","meta":{"_crdt_document":"","footnotes":""},"categories":[1],"tags":[],"class_list":["post-92551","post","type-post","status-publish","format-standard","has-post-thumbnail","hentry","category-guncel"],"_links":{"self":[{"href":"https:\/\/www.egemtv.com\/index.php?rest_route=\/wp\/v2\/posts\/92551","targetHints":{"allow":["GET"]}}],"collection":[{"href":"https:\/\/www.egemtv.com\/index.php?rest_route=\/wp\/v2\/posts"}],"about":[{"href":"https:\/\/www.egemtv.com\/index.php?rest_route=\/wp\/v2\/types\/post"}],"author":[{"embeddable":true,"href":"https:\/\/www.egemtv.com\/index.php?rest_route=\/wp\/v2\/users\/1"}],"replies":[{"embeddable":true,"href":"https:\/\/www.egemtv.com\/index.php?rest_route=%2Fwp%2Fv2%2Fcomments&post=92551"}],"version-history":[{"count":1,"href":"https:\/\/www.egemtv.com\/index.php?rest_route=\/wp\/v2\/posts\/92551\/revisions"}],"predecessor-version":[{"id":92553,"href":"https:\/\/www.egemtv.com\/index.php?rest_route=\/wp\/v2\/posts\/92551\/revisions\/92553"}],"wp:featuredmedia":[{"embeddable":true,"href":"https:\/\/www.egemtv.com\/index.php?rest_route=\/wp\/v2\/media\/92552"}],"wp:attachment":[{"href":"https:\/\/www.egemtv.com\/index.php?rest_route=%2Fwp%2Fv2%2Fmedia&parent=92551"}],"wp:term":[{"taxonomy":"category","embeddable":true,"href":"https:\/\/www.egemtv.com\/index.php?rest_route=%2Fwp%2Fv2%2Fcategories&post=92551"},{"taxonomy":"post_tag","embeddable":true,"href":"https:\/\/www.egemtv.com\/index.php?rest_route=%2Fwp%2Fv2%2Ftags&post=92551"}],"curies":[{"name":"wp","href":"https:\/\/api.w.org\/{rel}","templated":true}]}}