{"id":92548,"date":"2026-03-07T14:54:41","date_gmt":"2026-03-07T11:54:41","guid":{"rendered":"https:\/\/www.egemtv.com\/?p=92548"},"modified":"2026-03-07T14:54:42","modified_gmt":"2026-03-07T11:54:42","slug":"denizli-yesilay-haftasinda-yesile-burundu","status":"publish","type":"post","link":"https:\/\/www.egemtv.com\/?p=92548","title":{"rendered":"Denizli Ye\u015filay Haftas\u0131\u2019nda ye\u015file b\u00fcr\u00fcnd\u00fc"},"content":{"rendered":"<p>1-7 Mart Ye\u015filay Haftas\u0131 kapsam\u0131nda Denizli\u2019de d\u00fczenlenen etkinlikler, ba\u011f\u0131ml\u0131l\u0131kla m\u00fccadelede toplumsal fark\u0131ndal\u0131\u011f\u0131 art\u0131rd\u0131. Ye\u015filay Denizli \u015eubesi \u00f6nc\u00fcl\u00fc\u011f\u00fcnde ger\u00e7ekle\u015ftirilen programlarla \u015fehir adeta Ye\u015filay\u2019\u0131n umut dolu ye\u015fil rengine b\u00fcr\u00fcn\u00fcrken, meydanlardan okullara, spor etkinliklerinden fark\u0131ndal\u0131k \u00e7al\u0131\u015fmalar\u0131na kadar bir\u00e7ok noktada &#8220;\u0130yi ki Ye\u015filay Var&#8221; mesaj\u0131 g\u00fc\u00e7l\u00fc \u015fekilde vurguland\u0131.<br \/>\n<br \/>Ye\u015filay Denizli \u015eubesi,  1-7 Mart Ye\u015filay Haftas\u0131 kapsam\u0131nda kent genelinde ger\u00e7ekle\u015ftirilen etkinliklere ili\u015fkin bas\u0131n a\u00e7\u0131klamas\u0131 yapt\u0131. Hafta boyunca toplumun her kesimine ula\u015fmay\u0131 hedefleyen \u00e7ok say\u0131da etkinlik  ger\u00e7ekle\u015ftirilirken, Denizli\u2019de ba\u011f\u0131ml\u0131l\u0131kla m\u00fccadele konusunda fark\u0131ndal\u0131k olu\u015fturmak ama\u00e7land\u0131. Ye\u015filay Haftas\u0131 kapsam\u0131nda Denizli\u2019nin bir\u00e7ok noktas\u0131nda bilgilendirme \u00e7al\u0131\u015fmalar\u0131 ger\u00e7ekle\u015ftirildi. Kent genelindeki duraklar, billboardlar ve dijital ekranlarda ba\u011f\u0131ml\u0131l\u0131kla m\u00fccadeleye y\u00f6nelik mesajlar yer ald\u0131. Haftan\u0131n en dikkat \u00e7ekici \u00e7al\u0131\u015fmalar\u0131ndan biri ise kentin simge noktalar\u0131nda yap\u0131lan ayd\u0131nlatma oldu. Seyir Tepesi\u2019ndeki dev horoz heykeli ile Pamukkale travertenleri Ye\u015filay\u2019\u0131n simgesi olan ye\u015fil renkle ayd\u0131nlat\u0131larak fark\u0131ndal\u0131k olu\u015fturuldu.<br \/>\n<br \/>Hafta boyunca her kesim i\u00e7in farkl\u0131 etkinlikler d\u00fczenlendi<br \/>\n<br \/>Ye\u015filay Denizli \u015eubesi taraf\u0131ndan hafta boyunca farkl\u0131 ya\u015f gruplar\u0131na y\u00f6nelik etkinlikler d\u00fczenlendi. \u00dcniversite \u00f6\u011frencilerinin kat\u0131l\u0131m\u0131yla kortej y\u00fcr\u00fcy\u00fc\u015f\u00fc ger\u00e7ekle\u015ftirilirken, okullarda ba\u011f\u0131ml\u0131l\u0131kla m\u00fccadele e\u011fitimleri ve \u00e7e\u015fitli fark\u0131ndal\u0131k programlar\u0131 yap\u0131ld\u0131. Anaokullar\u0131ndan \u00fcniversitelere kadar geni\u015f bir kat\u0131l\u0131m\u0131n sa\u011fland\u0131\u011f\u0131 etkinliklerde \u00e7ocuklar ve gen\u00e7lerle bir araya gelinerek sa\u011fl\u0131kl\u0131 ya\u015fam ve ba\u011f\u0131ml\u0131l\u0131ktan uzak bir hayat\u0131n \u00f6nemi anlat\u0131ld\u0131. Ye\u015filay Haftas\u0131 etkinlikleri kapsam\u0131nda spor ve sanat faaliyetlerine de yer verildi. Voleybol kar\u015f\u0131la\u015fmalar\u0131 ve satran\u00e7 turnuvalar\u0131 d\u00fczenlenirken, Ye\u015filay Dan\u0131\u015fmanl\u0131k Merkezi (YEDAM) at\u00f6lyelerinde \u00fcretilen eserler sergilendi. Etkinliklerde sporun ve sanat\u0131n bireylerin ya\u015fam\u0131na katt\u0131\u011f\u0131 olumlu etkiler vurgulanarak ba\u011f\u0131ml\u0131l\u0131kla m\u00fccadelede bu alanlar\u0131n \u00f6nemine dikkat \u00e7ekildi. Hafta boyunca \u00c7\u0131nar Meydan\u0131 ba\u015fta olmak \u00fczere kentin farkl\u0131 noktalar\u0131nda kurulan stantlarda vatanda\u015flara bilgilendirme yap\u0131ld\u0131. Ye\u015filay g\u00f6n\u00fcll\u00fcleri taraf\u0131ndan ba\u011f\u0131ml\u0131l\u0131kla m\u00fccadele \u00e7al\u0131\u015fmalar\u0131 anlat\u0131l\u0131rken, dan\u0131\u015fmanl\u0131k hizmetleri hakk\u0131nda da bilgi verildi. Camilerde iftar sonras\u0131 kurulan stantlarda vatanda\u015flarla bulu\u015fulurken, geleneksel \u015ferbet ikramlar\u0131yla Ramazan ay\u0131n\u0131n manevi atmosferi de payla\u015f\u0131ld\u0131.<br \/>\n<br \/>&#8220;Ba\u011f\u0131ml\u0131l\u0131kla m\u00fccadele hepimizin sorumlulu\u011fu&#8221;<br \/>\n<br \/>Ye\u015filay Denizli \u015eube Ba\u015fkan\u0131 Fatih G\u00fcn, ba\u011f\u0131ml\u0131l\u0131kla m\u00fccadelenin toplumsal bir sorumluluk oldu\u011funa dikkat \u00e7ekerek; &#8220;Biz Ye\u015filay Denizli \u015eubesi olarak bir tek insan\u0131m\u0131z\u0131n dahi ba\u011f\u0131ml\u0131l\u0131k pen\u00e7esine d\u00fc\u015fmemesi i\u00e7in \u00e7al\u0131\u015fmalar\u0131m\u0131z\u0131 s\u00fcrd\u00fcr\u00fcyoruz. Ye\u015filay Haftas\u0131 boyunca d\u00fczenledi\u011fimiz etkinliklerle hem fark\u0131ndal\u0131k olu\u015fturduk hem de toplumun her kesimiyle bir araya geldik. T\u00fcm hem\u015fehrilerimizi bu hareketinin bir par\u00e7as\u0131 olmaya davet ediyoruz. Ba\u011f\u0131ml\u0131l\u0131kla m\u00fccadelede toplumun her bireyinin sorumluluk \u00fcstlenmesi gerekiyor. Ye\u015filay g\u00f6n\u00fcll\u00fcleri bu m\u00fccadelede \u00f6nemli bir rol \u00fcstleniyor&#8221; dedi.<br \/><\/p>\n","protected":false},"excerpt":{"rendered":"<p>1-7 Mart Ye\u015filay Haftas\u0131 kapsam\u0131nda Denizli\u2019de d\u00fczenlenen etkinlikler, ba\u011f\u0131ml\u0131l\u0131kla m\u00fccadelede toplumsal fark\u0131ndal\u0131\u011f\u0131 art\u0131rd\u0131. Ye\u015filay Denizli \u015eubesi \u00f6nc\u00fcl\u00fc\u011f\u00fcnde ger\u00e7ekle\u015ftirilen programlarla \u015fehir adeta Ye\u015filay\u2019\u0131n umut dolu ye\u015fil rengine b\u00fcr\u00fcn\u00fcrken, meydanlardan okullara, spor etkinliklerinden fark\u0131ndal\u0131k \u00e7al\u0131\u015fmalar\u0131na kadar bir\u00e7ok noktada &#8220;\u0130yi ki Ye\u015filay Var&#8221; mesaj\u0131 g\u00fc\u00e7l\u00fc \u015fekilde vurguland\u0131. Ye\u015filay Denizli \u015eubesi, 1-7 Mart Ye\u015filay Haftas\u0131 kapsam\u0131nda kent genelinde ger\u00e7ekle\u015ftirilen&#8230;<\/p>\n","protected":false},"author":1,"featured_media":92549,"comment_status":"open","ping_status":"open","sticky":false,"template":"","format":"standard","meta":{"_crdt_document":"","footnotes":""},"categories":[1],"tags":[],"class_list":["post-92548","post","type-post","status-publish","format-standard","has-post-thumbnail","hentry","category-guncel"],"_links":{"self":[{"href":"https:\/\/www.egemtv.com\/index.php?rest_route=\/wp\/v2\/posts\/92548","targetHints":{"allow":["GET"]}}],"collection":[{"href":"https:\/\/www.egemtv.com\/index.php?rest_route=\/wp\/v2\/posts"}],"about":[{"href":"https:\/\/www.egemtv.com\/index.php?rest_route=\/wp\/v2\/types\/post"}],"author":[{"embeddable":true,"href":"https:\/\/www.egemtv.com\/index.php?rest_route=\/wp\/v2\/users\/1"}],"replies":[{"embeddable":true,"href":"https:\/\/www.egemtv.com\/index.php?rest_route=%2Fwp%2Fv2%2Fcomments&post=92548"}],"version-history":[{"count":1,"href":"https:\/\/www.egemtv.com\/index.php?rest_route=\/wp\/v2\/posts\/92548\/revisions"}],"predecessor-version":[{"id":92550,"href":"https:\/\/www.egemtv.com\/index.php?rest_route=\/wp\/v2\/posts\/92548\/revisions\/92550"}],"wp:featuredmedia":[{"embeddable":true,"href":"https:\/\/www.egemtv.com\/index.php?rest_route=\/wp\/v2\/media\/92549"}],"wp:attachment":[{"href":"https:\/\/www.egemtv.com\/index.php?rest_route=%2Fwp%2Fv2%2Fmedia&parent=92548"}],"wp:term":[{"taxonomy":"category","embeddable":true,"href":"https:\/\/www.egemtv.com\/index.php?rest_route=%2Fwp%2Fv2%2Fcategories&post=92548"},{"taxonomy":"post_tag","embeddable":true,"href":"https:\/\/www.egemtv.com\/index.php?rest_route=%2Fwp%2Fv2%2Ftags&post=92548"}],"curies":[{"name":"wp","href":"https:\/\/api.w.org\/{rel}","templated":true}]}}