{"id":92545,"date":"2026-03-07T14:15:45","date_gmt":"2026-03-07T11:15:45","guid":{"rendered":"https:\/\/www.egemtv.com\/?p=92545"},"modified":"2026-03-07T14:15:46","modified_gmt":"2026-03-07T11:15:46","slug":"salihlide-kadinlar-gunune-ozel-voleybol-turnuvasi-buyuk-heyecana-sahne-oldu","status":"publish","type":"post","link":"https:\/\/www.egemtv.com\/?p=92545","title":{"rendered":"Salihli\u2019de Kad\u0131nlar G\u00fcn\u00fc\u2019ne \u00f6zel voleybol turnuvas\u0131 b\u00fcy\u00fck heyecana sahne oldu"},"content":{"rendered":"<p>Manisa\u2019n\u0131n Salihli il\u00e7esinde D\u00fcnya Kad\u0131nlar G\u00fcn\u00fc kapsam\u0131nda d\u00fczenlenen voleybol turnuvas\u0131, \u00f6d\u00fcl t\u00f6reniyle sona erdi. Turnuvan\u0131n \u00f6d\u00fcl t\u00f6reni, Salihli Kaymakam\u0131 Ali G\u00fcldo\u011fan\u2019\u0131n kat\u0131l\u0131m\u0131yla ger\u00e7ekle\u015ftirildi.<br \/>\n<br \/>Toplam 10 tak\u0131m\u0131n m\u00fccadele etti\u011fi turnuva, sporun birle\u015ftirici g\u00fcc\u00fcn\u00fc bir kez daha ortaya koydu. M\u00fcsabakalar boyunca sahaya \u00e7\u0131kan sporcular, azimleri, m\u00fccadeleleri ve tak\u0131m ruhlar\u0131yla izleyenlere heyecan dolu anlar ya\u015fatt\u0131. Turnuva s\u00fcresince dostluk, dayan\u0131\u015fma ve centilmenlik ruhu \u00f6n planda tutuldu.<br \/>\n<br \/>Program sonunda konu\u015fan Kaymakam Ali G\u00fcldo\u011fan, 8 Mart D\u00fcnya Kad\u0131nlar G\u00fcn\u00fc vesilesiyle kad\u0131nlar\u0131n hayat\u0131n her alan\u0131nda oldu\u011fu gibi sporda da \u00f6nemli ba\u015far\u0131lara imza att\u0131\u011f\u0131n\u0131 belirterek turnuvada m\u00fccadele eden t\u00fcm sporcular\u0131 tebrik etti.<br \/>\n<br \/>Turnuva sonunda dereceye giren tak\u0131mlara \u00f6d\u00fclleri Kaymakam Ali G\u00fcldo\u011fan ve protokol \u00fcyeleri taraf\u0131ndan takdim edildi. D\u00fczenlenen organizasyon, hem sporun hem de kad\u0131nlar\u0131n toplumdaki g\u00fc\u00e7l\u00fc rol\u00fcn\u00fcn vurgulanmas\u0131 a\u00e7\u0131s\u0131ndan anlaml\u0131 bir etkinlik olarak dikkat \u00e7ekti.<br \/>\n<br \/>Kupa t\u00f6renine Kaymakam Ali G\u00fcldo\u011fan, \u0130l\u00e7e Jandarma Komutan\u0131 Binba\u015f\u0131 Do\u011fukan Karaaslan, \u0130l\u00e7e Emniyet M\u00fcd\u00fcr Vekili \u00d6zg\u00fcr K\u0131l\u0131n\u00e7, \u0130l\u00e7e Gen\u00e7lik ve Spor M\u00fcd\u00fcr\u00fc Oktay Ayaz ve \u0130l\u00e7e Milli E\u011fitim M\u00fcd\u00fcr\u00fc Mahmut Yenen kat\u0131ld\u0131.<br \/><\/p>\n","protected":false},"excerpt":{"rendered":"<p>Manisa\u2019n\u0131n Salihli il\u00e7esinde D\u00fcnya Kad\u0131nlar G\u00fcn\u00fc kapsam\u0131nda d\u00fczenlenen voleybol turnuvas\u0131, \u00f6d\u00fcl t\u00f6reniyle sona erdi. Turnuvan\u0131n \u00f6d\u00fcl t\u00f6reni, Salihli Kaymakam\u0131 Ali G\u00fcldo\u011fan\u2019\u0131n kat\u0131l\u0131m\u0131yla ger\u00e7ekle\u015ftirildi. Toplam 10 tak\u0131m\u0131n m\u00fccadele etti\u011fi turnuva, sporun birle\u015ftirici g\u00fcc\u00fcn\u00fc bir kez daha ortaya koydu. M\u00fcsabakalar boyunca sahaya \u00e7\u0131kan sporcular, azimleri, m\u00fccadeleleri ve tak\u0131m ruhlar\u0131yla izleyenlere heyecan dolu anlar ya\u015fatt\u0131. Turnuva s\u00fcresince dostluk,&#8230;<\/p>\n","protected":false},"author":1,"featured_media":92546,"comment_status":"open","ping_status":"open","sticky":false,"template":"","format":"standard","meta":{"_crdt_document":"","footnotes":""},"categories":[4],"tags":[],"class_list":["post-92545","post","type-post","status-publish","format-standard","has-post-thumbnail","hentry","category-spor"],"_links":{"self":[{"href":"https:\/\/www.egemtv.com\/index.php?rest_route=\/wp\/v2\/posts\/92545","targetHints":{"allow":["GET"]}}],"collection":[{"href":"https:\/\/www.egemtv.com\/index.php?rest_route=\/wp\/v2\/posts"}],"about":[{"href":"https:\/\/www.egemtv.com\/index.php?rest_route=\/wp\/v2\/types\/post"}],"author":[{"embeddable":true,"href":"https:\/\/www.egemtv.com\/index.php?rest_route=\/wp\/v2\/users\/1"}],"replies":[{"embeddable":true,"href":"https:\/\/www.egemtv.com\/index.php?rest_route=%2Fwp%2Fv2%2Fcomments&post=92545"}],"version-history":[{"count":1,"href":"https:\/\/www.egemtv.com\/index.php?rest_route=\/wp\/v2\/posts\/92545\/revisions"}],"predecessor-version":[{"id":92547,"href":"https:\/\/www.egemtv.com\/index.php?rest_route=\/wp\/v2\/posts\/92545\/revisions\/92547"}],"wp:featuredmedia":[{"embeddable":true,"href":"https:\/\/www.egemtv.com\/index.php?rest_route=\/wp\/v2\/media\/92546"}],"wp:attachment":[{"href":"https:\/\/www.egemtv.com\/index.php?rest_route=%2Fwp%2Fv2%2Fmedia&parent=92545"}],"wp:term":[{"taxonomy":"category","embeddable":true,"href":"https:\/\/www.egemtv.com\/index.php?rest_route=%2Fwp%2Fv2%2Fcategories&post=92545"},{"taxonomy":"post_tag","embeddable":true,"href":"https:\/\/www.egemtv.com\/index.php?rest_route=%2Fwp%2Fv2%2Ftags&post=92545"}],"curies":[{"name":"wp","href":"https:\/\/api.w.org\/{rel}","templated":true}]}}