{"id":92542,"date":"2026-03-07T14:15:44","date_gmt":"2026-03-07T11:15:44","guid":{"rendered":"https:\/\/www.egemtv.com\/?p=92542"},"modified":"2026-03-07T14:15:45","modified_gmt":"2026-03-07T11:15:45","slug":"deve-guresi-takvimi-belli-oldu","status":"publish","type":"post","link":"https:\/\/www.egemtv.com\/?p=92542","title":{"rendered":"Deve g\u00fcre\u015fi takvimi belli oldu"},"content":{"rendered":"<p>Ayd\u0131n\u2019\u0131n \u00f6nemli k\u00fclt\u00fcrlerinden olan deve g\u00fcre\u015flerinde \u015fap hastal\u0131\u011f\u0131n\u0131n s\u00f6nd\u00fcr\u00fclmesinin ard\u0131ndan bu y\u0131lki takvim belli oldu.<br \/>\n<br \/>Ege, Marmara ve Akdeniz b\u00f6lgelerinin vazge\u00e7ilmez k\u00fclt\u00fcrel etkinliklerinden deve g\u00fcre\u015fi festivali \u0130ncirliova G\u00fcre\u015fi ile 8 Mart Pazar g\u00fcn\u00fc ba\u015flayacak. \u015eap hastal\u0131\u011f\u0131 nedeniyle ertelenen ve her y\u0131l binlerce g\u00fcre\u015fseverin merakla bekledi\u011fi sezonun takvimi de belli oldu. Devecilik K\u00fclt\u00fcr\u00fc ve Deve G\u00fcre\u015fleri Federasyonu taraf\u0131ndan a\u00e7\u0131klanan takvime g\u00f6re 2026 Deve G\u00fcre\u015fleri Sezonu, 8 Mart Pazar g\u00fcn\u00fc \u0130ncirliova G\u00fcre\u015fi ile ba\u015flayacak, 5 Nisan Pazar g\u00fcn\u00fc Efeler il\u00e7esi Umurlu Mahallesi\u2019nde yap\u0131lacak g\u00fcre\u015f ile sona erecek.<br \/>\n<br \/>A\u00e7\u0131klanan takvime g\u00f6re g\u00fcre\u015fler, 14 Mart\u2019ta \u00c7ine ve Kuyucak\u2019ta, 15 Mart\u2019ta Efeler il\u00e7esi Kuyulu Mahallesi\u2019nde, S\u00f6ke\u2019de ve Sultanhisar\u2019\u0131n At\u00e7a Mahallesi\u2019nde, 22 Mart\u2019ta K\u00f6\u015fk ve Germencik\u2019te, 29 Mart\u2019ta Germencik\u2019in Ortaklar Mahallesi\u2019nde ve Efeler\u2019in I\u015f\u0131kl\u0131 Mahallesi\u2019nde, 5 Nisan\u2019da ise Efeler il\u00e7esi Umurlu Mahallesi\u2019nde yap\u0131lacak.<br \/><\/p>\n","protected":false},"excerpt":{"rendered":"<p>Ayd\u0131n\u2019\u0131n \u00f6nemli k\u00fclt\u00fcrlerinden olan deve g\u00fcre\u015flerinde \u015fap hastal\u0131\u011f\u0131n\u0131n s\u00f6nd\u00fcr\u00fclmesinin ard\u0131ndan bu y\u0131lki takvim belli oldu. Ege, Marmara ve Akdeniz b\u00f6lgelerinin vazge\u00e7ilmez k\u00fclt\u00fcrel etkinliklerinden deve g\u00fcre\u015fi festivali \u0130ncirliova G\u00fcre\u015fi ile 8 Mart Pazar g\u00fcn\u00fc ba\u015flayacak. \u015eap hastal\u0131\u011f\u0131 nedeniyle ertelenen ve her y\u0131l binlerce g\u00fcre\u015fseverin merakla bekledi\u011fi sezonun takvimi de belli oldu. Devecilik K\u00fclt\u00fcr\u00fc ve Deve G\u00fcre\u015fleri&#8230;<\/p>\n","protected":false},"author":1,"featured_media":92543,"comment_status":"open","ping_status":"open","sticky":false,"template":"","format":"standard","meta":{"_crdt_document":"","footnotes":""},"categories":[1],"tags":[],"class_list":["post-92542","post","type-post","status-publish","format-standard","has-post-thumbnail","hentry","category-guncel"],"_links":{"self":[{"href":"https:\/\/www.egemtv.com\/index.php?rest_route=\/wp\/v2\/posts\/92542","targetHints":{"allow":["GET"]}}],"collection":[{"href":"https:\/\/www.egemtv.com\/index.php?rest_route=\/wp\/v2\/posts"}],"about":[{"href":"https:\/\/www.egemtv.com\/index.php?rest_route=\/wp\/v2\/types\/post"}],"author":[{"embeddable":true,"href":"https:\/\/www.egemtv.com\/index.php?rest_route=\/wp\/v2\/users\/1"}],"replies":[{"embeddable":true,"href":"https:\/\/www.egemtv.com\/index.php?rest_route=%2Fwp%2Fv2%2Fcomments&post=92542"}],"version-history":[{"count":1,"href":"https:\/\/www.egemtv.com\/index.php?rest_route=\/wp\/v2\/posts\/92542\/revisions"}],"predecessor-version":[{"id":92544,"href":"https:\/\/www.egemtv.com\/index.php?rest_route=\/wp\/v2\/posts\/92542\/revisions\/92544"}],"wp:featuredmedia":[{"embeddable":true,"href":"https:\/\/www.egemtv.com\/index.php?rest_route=\/wp\/v2\/media\/92543"}],"wp:attachment":[{"href":"https:\/\/www.egemtv.com\/index.php?rest_route=%2Fwp%2Fv2%2Fmedia&parent=92542"}],"wp:term":[{"taxonomy":"category","embeddable":true,"href":"https:\/\/www.egemtv.com\/index.php?rest_route=%2Fwp%2Fv2%2Fcategories&post=92542"},{"taxonomy":"post_tag","embeddable":true,"href":"https:\/\/www.egemtv.com\/index.php?rest_route=%2Fwp%2Fv2%2Ftags&post=92542"}],"curies":[{"name":"wp","href":"https:\/\/api.w.org\/{rel}","templated":true}]}}