{"id":92536,"date":"2026-03-07T13:34:45","date_gmt":"2026-03-07T10:34:45","guid":{"rendered":"https:\/\/www.egemtv.com\/?p=92536"},"modified":"2026-03-07T13:34:46","modified_gmt":"2026-03-07T10:34:46","slug":"baskan-koksal-arastan-bayira-yol-su-ve-kanalizasyon-mujdesi","status":"publish","type":"post","link":"https:\/\/www.egemtv.com\/?p=92536","title":{"rendered":"Ba\u015fkan K\u00f6ksal Aras\u2019tan Bay\u0131r\u2019a yol, su ve kanalizasyon m\u00fcjdesi"},"content":{"rendered":"<p>Mente\u015fe Belediye Ba\u015fkan\u0131 Gonca K\u00f6ksal Aras, Bay\u0131r Mahallesi\u2019nde d\u00fczenlenen halk bulu\u015fmas\u0131nda mahallenin uzun y\u0131llard\u0131r bekledi\u011fi yol, i\u00e7me suyu ve kanalizasyon sorunlar\u0131n\u0131n \u00e7\u00f6z\u00fcme kavu\u015faca\u011f\u0131n\u0131 m\u00fcjdeledi. Ba\u015fkan K\u00f6ksal Aras, Mu\u011fla Su ve Kanalizasyon \u0130daresi (MUSK\u0130) ile yap\u0131lan koordineli \u00e7al\u0131\u015fma ile mahallede kapsaml\u0131 bir altyap\u0131 ve yol \u00e7al\u0131\u015fmas\u0131n\u0131n ba\u015flayaca\u011f\u0131n\u0131 belirtti.<br \/>\n<br \/>&#8220;Bay\u0131r g\u00fc\u00e7lenirse Mente\u015fe g\u00fc\u00e7lenir&#8221;<br \/>\n<br \/>G\u00f6reve geldikten sonra Bay\u0131r Mahallesi\u2019nde \u00f6nemli hizmetleri hayata ge\u00e7irdiklerini ifade eden Ba\u015fkan K\u00f6ksal Aras, kad\u0131nlar\u0131n ekonomik ve sosyal hayata kat\u0131l\u0131m\u0131n\u0131 desteklemek amac\u0131yla Bay\u0131r Kad\u0131n Ya\u015fam Merkezi\u2019ni, ailelerin \u00e7ocuklar\u0131n\u0131 g\u00fcvenle b\u0131rakabilecekleri bir alan olu\u015fturmak i\u00e7in de Bay\u0131r \u00d6zel G\u00fcne\u015f G\u00fcnd\u00fcz Bak\u0131mevi\u2019ni hizmete a\u00e7t\u0131klar\u0131n\u0131 s\u00f6yledi.<br \/>\n<br \/>Bay\u0131r\u2019da \u00f6nce g\u00fc\u00e7l\u00fc bir altyap\u0131, ard\u0131ndan g\u00fc\u00e7l\u00fc bir \u00fcstyap\u0131 hedeflediklerini vurgulayan K\u00f6ksal Aras, a\u00e7\u0131klamas\u0131n\u0131 \u015f\u00f6yle s\u00fcrd\u00fcrd\u00fc:<br \/>\n<br \/>&#8220;Bay\u0131r, Mente\u015fe\u2019mizin \u00f6nemli sanayi ve ticaret merkezlerinden biri. Bay\u0131r g\u00fc\u00e7lenirse Mente\u015fe g\u00fc\u00e7lenir, Mu\u011fla g\u00fc\u00e7lenir. Bay\u0131r kazan\u0131rsa Mente\u015fe kazan\u0131r. Bunun bilincindeyiz. Sonsuz imk\u00e2nlar\u0131m\u0131z yok ama hi\u00e7bir bahane \u00fcretmeden hizmet etmeye devam edece\u011fiz. Bize yak\u0131\u015fan; ger\u00e7ek\u00e7i kararlar almak ve g\u00fc\u00e7l\u00fc bir altyap\u0131yla Bay\u0131r\u2019\u0131 aya\u011fa kald\u0131rmakt\u0131r.&#8221;<br \/>\n<br \/>Kanalizasyon \u00e7al\u0131\u015fmas\u0131n\u0131n b\u00fcy\u00fck ve kapsaml\u0131 bir yat\u0131r\u0131m oldu\u011funu hat\u0131rlatan Ba\u015fkan K\u00f6ksal Aras, Mente\u015fe\u2019nin bir\u00e7ok noktas\u0131nda altyap\u0131 \u00e7al\u0131\u015fmalar\u0131n\u0131n s\u00fcrd\u00fc\u011f\u00fcn\u00fc ifade ederek \u015funlar\u0131 s\u00f6yledi:<br \/>\n<br \/>&#8220;Biraz sabredece\u011fiz. \u00d6nce sa\u011flam altyap\u0131y\u0131 tamamlayaca\u011f\u0131z. Ard\u0131ndan yollar\u0131m\u0131z\u0131 p\u0131r\u0131l p\u0131r\u0131l yapaca\u011f\u0131z. B\u00f6ylece uzun y\u0131llar boyunca yeniden kaz\u0131 yap\u0131lmas\u0131na gerek kalmayacak. Kanalizasyon \u00e7al\u0131\u015fmas\u0131n\u0131n 2027 y\u0131l\u0131n\u0131n sonunda tamamlanmas\u0131 planlan\u0131yor. Ancak biz yol \u00e7al\u0131\u015fmalar\u0131nda bu s\u00fcrenin bitmesini beklemeyece\u011fiz. B\u00fcy\u00fck\u015fehir Belediyemiz etap etap sokak ve caddelerde altyap\u0131y\u0131 tamamlad\u0131k\u00e7a, biz de \u00fcstyap\u0131 d\u00fczenlemelerine ba\u015flayaca\u011f\u0131z.&#8221;<br \/>\n<br \/>D\u00fc\u011f\u00fcn salonu i\u00e7in bakanl\u0131ktan cevap bekleniyor<br \/>\n<br \/>Ba\u015fkan K\u00f6ksal Aras, Bay\u0131r Mahallesi\u2019nde kullan\u0131lan d\u00fc\u011f\u00fcn alan\u0131n\u0131n g\u00fcr\u00fclt\u00fc ve \u00e7evresel rahats\u0131zl\u0131k nedeniyle d\u00fc\u011f\u00fcn yap\u0131lmas\u0131 i\u00e7in uygun g\u00f6r\u00fclmedi\u011fini belirterek yeni bir alan i\u00e7in giri\u015fimlerde bulunduklar\u0131n\u0131 belirtti.<br \/>\n<br \/>Ba\u015fkan K\u00f6ksal Aras, &#8220;Bay\u0131r Mesire Alan\u0131\u2019n\u0131n d\u00fc\u011f\u00fcn salonu olarak kullan\u0131labilmesi i\u00e7in Milli Emlak\u2019a tahsis talebinde bulunduk. Yaz\u0131m\u0131z \u015fu anda Milli Emlak Genel M\u00fcd\u00fcrl\u00fc\u011f\u00fc\u2019n\u00fcn \u00f6n\u00fcnde. Bay\u0131r\u2019\u0131n yarar\u0131na olacak her konu i\u00e7in her kap\u0131y\u0131 \u00e7alar\u0131m. Bu s\u00fcre\u00e7te meclisimizdeki di\u011fer parti gruplar\u0131 da destek verdi. Zaten meclisimizde kararlar \u00e7o\u011fu zaman uyum i\u00e7inde ve oy birli\u011fiyle al\u0131n\u0131yor. Bu konuyu da birlikte \u00e7\u00f6zece\u011fiz.&#8221; dedi.<br \/>\n<br \/>Bay\u0131r\u2019\u0131n sahip oldu\u011fu potansiyelin kendileri i\u00e7in \u00e7ok k\u0131ymetli oldu\u011funu vurgulayan K\u00f6ksal Aras, mahalle muhtar\u0131yla g\u00fc\u00e7l\u00fc bir ileti\u015fim i\u00e7inde \u00e7al\u0131\u015ft\u0131klar\u0131n\u0131, g\u00f6reve geldiklerinden bu yana muhtardan gelen 116 talebin 111\u2019ni yerine getirdiklerini s\u00f6zlerine ekledi.<br \/>\n<br \/>K\u00f6ksal Aras, Necmi Yener\u2019i unutmad\u0131<br \/>\n<br \/>Ba\u015fkan K\u00f6ksal Aras konu\u015fmas\u0131nda, Bay\u0131r\u2019\u0131n geli\u015fimine \u00f6nemli katk\u0131lar sunan Necmi Yener\u2019i de anarak, onun Bay\u0131r\u2019\u0131n planl\u0131 geli\u015fiminde b\u00fcy\u00fck eme\u011fi oldu\u011funu vurgulad\u0131.<br \/>\n<br \/>&#8220;Necmi Yener adeta bir \u015fehir planc\u0131s\u0131 gibi Bay\u0131r\u2019\u0131 in\u015fa etti. Kendisine emekleri i\u00e7in minnet bor\u00e7luyuz.&#8221; dedi.<br \/>\n<br \/>MUSK\u0130\u2019den altyap\u0131 \u00e7al\u0131\u015fmalar\u0131 hakk\u0131nda bilgilendirme<br \/>\n<br \/>Halk bulu\u015fmas\u0131na kat\u0131lan MUSK\u0130 Genel M\u00fcd\u00fcr Yard\u0131mc\u0131s\u0131 Nuri Kali, Mu\u011fla genelinde kapsaml\u0131 altyap\u0131 yat\u0131r\u0131mlar\u0131 y\u00fcr\u00fctt\u00fcklerini belirterek \u015funlar\u0131 s\u00f6yledi:<br \/>\n<br \/>&#8220;Bay\u0131r Mahallesi i\u00e7in 1. etap haz\u0131rl\u0131klar\u0131m\u0131z\u0131 tamamlad\u0131k. B\u00f6lgede yakla\u015f\u0131k 53 kilometrelik kanalizasyon hatt\u0131 projesi haz\u0131r. Ayr\u0131ca 7 bin 500 metrelik i\u00e7me suyu hatt\u0131 projesini de haz\u0131rlad\u0131k ve bu \u00e7al\u0131\u015fmay\u0131 da programa d\u00e2hil ettik. Altyap\u0131 \u00e7al\u0131\u015fmalar\u0131 do\u011fas\u0131 gere\u011fi kaz\u0131 gerektirir; kazmadan yapmak m\u00fcmk\u00fcn de\u011fil. Bu s\u00fcre\u00e7te Bay\u0131r\u2019\u0131n tamam\u0131n\u0131n kanalizasyon ve i\u00e7me suyu altyap\u0131s\u0131n\u0131 yenilemi\u015f olaca\u011f\u0131z&#8221;<br \/><\/p>\n","protected":false},"excerpt":{"rendered":"<p>Mente\u015fe Belediye Ba\u015fkan\u0131 Gonca K\u00f6ksal Aras, Bay\u0131r Mahallesi\u2019nde d\u00fczenlenen halk bulu\u015fmas\u0131nda mahallenin uzun y\u0131llard\u0131r bekledi\u011fi yol, i\u00e7me suyu ve kanalizasyon sorunlar\u0131n\u0131n \u00e7\u00f6z\u00fcme kavu\u015faca\u011f\u0131n\u0131 m\u00fcjdeledi. Ba\u015fkan K\u00f6ksal Aras, Mu\u011fla Su ve Kanalizasyon \u0130daresi (MUSK\u0130) ile yap\u0131lan koordineli \u00e7al\u0131\u015fma ile mahallede kapsaml\u0131 bir altyap\u0131 ve yol \u00e7al\u0131\u015fmas\u0131n\u0131n ba\u015flayaca\u011f\u0131n\u0131 belirtti. &#8220;Bay\u0131r g\u00fc\u00e7lenirse Mente\u015fe g\u00fc\u00e7lenir&#8221; G\u00f6reve geldikten sonra Bay\u0131r&#8230;<\/p>\n","protected":false},"author":1,"featured_media":92537,"comment_status":"open","ping_status":"open","sticky":false,"template":"","format":"standard","meta":{"_crdt_document":"","footnotes":""},"categories":[125],"tags":[],"class_list":["post-92536","post","type-post","status-publish","format-standard","has-post-thumbnail","hentry","category-ekonomi"],"_links":{"self":[{"href":"https:\/\/www.egemtv.com\/index.php?rest_route=\/wp\/v2\/posts\/92536","targetHints":{"allow":["GET"]}}],"collection":[{"href":"https:\/\/www.egemtv.com\/index.php?rest_route=\/wp\/v2\/posts"}],"about":[{"href":"https:\/\/www.egemtv.com\/index.php?rest_route=\/wp\/v2\/types\/post"}],"author":[{"embeddable":true,"href":"https:\/\/www.egemtv.com\/index.php?rest_route=\/wp\/v2\/users\/1"}],"replies":[{"embeddable":true,"href":"https:\/\/www.egemtv.com\/index.php?rest_route=%2Fwp%2Fv2%2Fcomments&post=92536"}],"version-history":[{"count":1,"href":"https:\/\/www.egemtv.com\/index.php?rest_route=\/wp\/v2\/posts\/92536\/revisions"}],"predecessor-version":[{"id":92538,"href":"https:\/\/www.egemtv.com\/index.php?rest_route=\/wp\/v2\/posts\/92536\/revisions\/92538"}],"wp:featuredmedia":[{"embeddable":true,"href":"https:\/\/www.egemtv.com\/index.php?rest_route=\/wp\/v2\/media\/92537"}],"wp:attachment":[{"href":"https:\/\/www.egemtv.com\/index.php?rest_route=%2Fwp%2Fv2%2Fmedia&parent=92536"}],"wp:term":[{"taxonomy":"category","embeddable":true,"href":"https:\/\/www.egemtv.com\/index.php?rest_route=%2Fwp%2Fv2%2Fcategories&post=92536"},{"taxonomy":"post_tag","embeddable":true,"href":"https:\/\/www.egemtv.com\/index.php?rest_route=%2Fwp%2Fv2%2Ftags&post=92536"}],"curies":[{"name":"wp","href":"https:\/\/api.w.org\/{rel}","templated":true}]}}