{"id":92533,"date":"2026-03-07T13:15:04","date_gmt":"2026-03-07T10:15:04","guid":{"rendered":"https:\/\/www.egemtv.com\/?p=92533"},"modified":"2026-03-07T13:15:04","modified_gmt":"2026-03-07T10:15:04","slug":"orta-refuje-devrilen-hafif-ticari-aracta-5-kisi-yaralandi","status":"publish","type":"post","link":"https:\/\/www.egemtv.com\/?p=92533","title":{"rendered":"Orta ref\u00fcje devrilen hafif ticari ara\u00e7ta 5 ki\u015fi yaraland\u0131"},"content":{"rendered":"<p>Afyonkarahisar\u2019da kontrolden \u00e7\u0131karak orta ref\u00fcje devrilen hafif ticari ara\u00e7ta 3\u2019\u00fc \u00e7ocuk 5 ki\u015fi yaraland\u0131.<br \/>\n<br \/>Kaza, kent merkezine ba\u011fl\u0131 S\u00fcl\u00fcmenli beldesi yak\u0131nlar\u0131nda meydana geldi. Edinilen bilgilere g\u00f6re, S.A., idaresindeki 03 AAZ 371 plakal\u0131 hafif ticari ara\u00e7 s\u00fcr\u00fcc\u00fcs\u00fcn\u00fcn hen\u00fcz belirlenemeyen bir sebepten \u00f6t\u00fcr\u00fc direksiyon hakimiyetini kaybetmesi sonucu kontrolden \u00e7\u0131karak yol kenar\u0131ndaki sulama kanal\u0131na devrildi. Kazada s\u00fcr\u00fcc\u00fc ile birlikte M.S.S. (17), B.\u0130. (15), H.C. (16) ve M.K.Y., yaraland\u0131. Yaral\u0131lar Kaza sonras\u0131 \u00e7evredekilerin haber vermesi \u00fczerine olay yerine gelen ambulanslarla hastanelere kald\u0131r\u0131ld\u0131.<br \/>\n<br \/>Kazan\u0131n ard\u0131ndan jandarma taraf\u0131ndan inceleme ba\u015flat\u0131ld\u0131.<br \/><\/p>\n","protected":false},"excerpt":{"rendered":"<p>Afyonkarahisar\u2019da kontrolden \u00e7\u0131karak orta ref\u00fcje devrilen hafif ticari ara\u00e7ta 3\u2019\u00fc \u00e7ocuk 5 ki\u015fi yaraland\u0131. Kaza, kent merkezine ba\u011fl\u0131 S\u00fcl\u00fcmenli beldesi yak\u0131nlar\u0131nda meydana geldi. Edinilen bilgilere g\u00f6re, S.A., idaresindeki 03 AAZ 371 plakal\u0131 hafif ticari ara\u00e7 s\u00fcr\u00fcc\u00fcs\u00fcn\u00fcn hen\u00fcz belirlenemeyen bir sebepten \u00f6t\u00fcr\u00fc direksiyon hakimiyetini kaybetmesi sonucu kontrolden \u00e7\u0131karak yol kenar\u0131ndaki sulama kanal\u0131na devrildi. Kazada s\u00fcr\u00fcc\u00fc ile&#8230;<\/p>\n","protected":false},"author":1,"featured_media":92534,"comment_status":"open","ping_status":"open","sticky":false,"template":"","format":"standard","meta":{"_crdt_document":"","footnotes":""},"categories":[5],"tags":[],"class_list":["post-92533","post","type-post","status-publish","format-standard","has-post-thumbnail","hentry","category-asayis"],"_links":{"self":[{"href":"https:\/\/www.egemtv.com\/index.php?rest_route=\/wp\/v2\/posts\/92533","targetHints":{"allow":["GET"]}}],"collection":[{"href":"https:\/\/www.egemtv.com\/index.php?rest_route=\/wp\/v2\/posts"}],"about":[{"href":"https:\/\/www.egemtv.com\/index.php?rest_route=\/wp\/v2\/types\/post"}],"author":[{"embeddable":true,"href":"https:\/\/www.egemtv.com\/index.php?rest_route=\/wp\/v2\/users\/1"}],"replies":[{"embeddable":true,"href":"https:\/\/www.egemtv.com\/index.php?rest_route=%2Fwp%2Fv2%2Fcomments&post=92533"}],"version-history":[{"count":1,"href":"https:\/\/www.egemtv.com\/index.php?rest_route=\/wp\/v2\/posts\/92533\/revisions"}],"predecessor-version":[{"id":92535,"href":"https:\/\/www.egemtv.com\/index.php?rest_route=\/wp\/v2\/posts\/92533\/revisions\/92535"}],"wp:featuredmedia":[{"embeddable":true,"href":"https:\/\/www.egemtv.com\/index.php?rest_route=\/wp\/v2\/media\/92534"}],"wp:attachment":[{"href":"https:\/\/www.egemtv.com\/index.php?rest_route=%2Fwp%2Fv2%2Fmedia&parent=92533"}],"wp:term":[{"taxonomy":"category","embeddable":true,"href":"https:\/\/www.egemtv.com\/index.php?rest_route=%2Fwp%2Fv2%2Fcategories&post=92533"},{"taxonomy":"post_tag","embeddable":true,"href":"https:\/\/www.egemtv.com\/index.php?rest_route=%2Fwp%2Fv2%2Ftags&post=92533"}],"curies":[{"name":"wp","href":"https:\/\/api.w.org\/{rel}","templated":true}]}}