{"id":92527,"date":"2026-03-07T13:15:00","date_gmt":"2026-03-07T10:15:00","guid":{"rendered":"https:\/\/www.egemtv.com\/?p=92527"},"modified":"2026-03-07T13:15:01","modified_gmt":"2026-03-07T10:15:01","slug":"vali-aktas-amacimiz-el-birligiyle-kentimizi-en-iyi-yerlere-getirmek","status":"publish","type":"post","link":"https:\/\/www.egemtv.com\/?p=92527","title":{"rendered":"Vali Akta\u015f: &#8220;Amac\u0131m\u0131z el birli\u011fiyle kentimizi en iyi yerlere getirmek&#8221;"},"content":{"rendered":"<p>Afyonkarahisar Valisi Dr. Naci Akta\u015f, ama\u00e7lar\u0131n\u0131n el birli\u011fi ve g\u00f6n\u00fcl birli\u011fi i\u00e7inde \u00e7al\u0131\u015farak kenti en iyi yerlere getirmek oldu\u011funu ifade etti.<br \/>\n<br \/>Vali Akta\u015f, kentte y\u00fcr\u00fct\u00fclen \u00e7al\u0131\u015fmalar\u0131n de\u011ferlendirilmesi ve kurumlar aras\u0131 koordinasyonun g\u00fc\u00e7lendirilmesi amac\u0131yla birlikte mesai yapaca\u011f\u0131 kurum m\u00fcd\u00fcrleriyle bir araya geldi. Ger\u00e7ekle\u015ftirilen ziyaretlerin ard\u0131ndan a\u00e7\u0131klama yapan Vali Akta\u015f, &#8220;Bu \u015fehir hepimizin, el birli\u011fi, g\u00f6n\u00fcl birli\u011fi i\u00e7inde \u00e7al\u0131\u015farak bu g\u00fczel \u015fehri daha ileriye birlikte ta\u015f\u0131yacak, birlikte g\u00fczelle\u015ftirece\u011fiz&#8221; dedi.<br \/><\/p>\n","protected":false},"excerpt":{"rendered":"<p>Afyonkarahisar Valisi Dr. Naci Akta\u015f, ama\u00e7lar\u0131n\u0131n el birli\u011fi ve g\u00f6n\u00fcl birli\u011fi i\u00e7inde \u00e7al\u0131\u015farak kenti en iyi yerlere getirmek oldu\u011funu ifade etti. Vali Akta\u015f, kentte y\u00fcr\u00fct\u00fclen \u00e7al\u0131\u015fmalar\u0131n de\u011ferlendirilmesi ve kurumlar aras\u0131 koordinasyonun g\u00fc\u00e7lendirilmesi amac\u0131yla birlikte mesai yapaca\u011f\u0131 kurum m\u00fcd\u00fcrleriyle bir araya geldi. Ger\u00e7ekle\u015ftirilen ziyaretlerin ard\u0131ndan a\u00e7\u0131klama yapan Vali Akta\u015f, &#8220;Bu \u015fehir hepimizin, el birli\u011fi, g\u00f6n\u00fcl birli\u011fi&#8230;<\/p>\n","protected":false},"author":1,"featured_media":92528,"comment_status":"open","ping_status":"open","sticky":false,"template":"","format":"standard","meta":{"_crdt_document":"","footnotes":""},"categories":[1],"tags":[],"class_list":["post-92527","post","type-post","status-publish","format-standard","has-post-thumbnail","hentry","category-guncel"],"_links":{"self":[{"href":"https:\/\/www.egemtv.com\/index.php?rest_route=\/wp\/v2\/posts\/92527","targetHints":{"allow":["GET"]}}],"collection":[{"href":"https:\/\/www.egemtv.com\/index.php?rest_route=\/wp\/v2\/posts"}],"about":[{"href":"https:\/\/www.egemtv.com\/index.php?rest_route=\/wp\/v2\/types\/post"}],"author":[{"embeddable":true,"href":"https:\/\/www.egemtv.com\/index.php?rest_route=\/wp\/v2\/users\/1"}],"replies":[{"embeddable":true,"href":"https:\/\/www.egemtv.com\/index.php?rest_route=%2Fwp%2Fv2%2Fcomments&post=92527"}],"version-history":[{"count":1,"href":"https:\/\/www.egemtv.com\/index.php?rest_route=\/wp\/v2\/posts\/92527\/revisions"}],"predecessor-version":[{"id":92529,"href":"https:\/\/www.egemtv.com\/index.php?rest_route=\/wp\/v2\/posts\/92527\/revisions\/92529"}],"wp:featuredmedia":[{"embeddable":true,"href":"https:\/\/www.egemtv.com\/index.php?rest_route=\/wp\/v2\/media\/92528"}],"wp:attachment":[{"href":"https:\/\/www.egemtv.com\/index.php?rest_route=%2Fwp%2Fv2%2Fmedia&parent=92527"}],"wp:term":[{"taxonomy":"category","embeddable":true,"href":"https:\/\/www.egemtv.com\/index.php?rest_route=%2Fwp%2Fv2%2Fcategories&post=92527"},{"taxonomy":"post_tag","embeddable":true,"href":"https:\/\/www.egemtv.com\/index.php?rest_route=%2Fwp%2Fv2%2Ftags&post=92527"}],"curies":[{"name":"wp","href":"https:\/\/api.w.org\/{rel}","templated":true}]}}