{"id":92524,"date":"2026-03-07T12:55:06","date_gmt":"2026-03-07T09:55:06","guid":{"rendered":"https:\/\/www.egemtv.com\/?p=92524"},"modified":"2026-03-07T12:55:07","modified_gmt":"2026-03-07T09:55:07","slug":"kaymakam-guldogan-acik-kapida-vatandaslarin-sorunlarini-dinledi","status":"publish","type":"post","link":"https:\/\/www.egemtv.com\/?p=92524","title":{"rendered":"Kaymakam G\u00fcldo\u011fan, \u2018A\u00e7\u0131k Kap\u0131\u2019da vatanda\u015flar\u0131n sorunlar\u0131n\u0131 dinledi"},"content":{"rendered":"<p>Manisa\u2019n\u0131n Salihli il\u00e7e Kaymakam\u0131 Ali G\u00fcldo\u011fan, vatanda\u015flar\u0131n talep ve sorunlar\u0131n\u0131 dinlemek amac\u0131yla d\u00fczenlenen &#8220;A\u00e7\u0131k Kap\u0131 Milletin Kap\u0131s\u0131&#8221; bulu\u015fmas\u0131nda vatanda\u015flarla bir araya geldi.<br \/>\n<br \/>Salihli Kaymakaml\u0131\u011f\u0131 giri\u015finde hizmet veren A\u00e7\u0131k Kap\u0131 birimini Ramazan Ay\u0131\u2019nda ziyaret eden Kaymakam G\u00fcldo\u011fan, vatanda\u015flar\u0131n istek ve \u015fik\u00e2yetlerini tek tek dinledi. G\u00f6r\u00fc\u015fmeler s\u0131ras\u0131nda iletilen taleplerin \u00e7\u00f6z\u00fcm\u00fc i\u00e7in ilgili kurum ve birimlere gerekli y\u00f6nlendirmelerde bulunuldu.<br \/>\n<br \/>Kaymakam G\u00fcldo\u011fan, vatanda\u015flar\u0131n kamu hizmetlerine ili\u015fkin her t\u00fcrl\u00fc talep, \u00f6neri ve \u015fik\u00e2yetlerini A\u00e7\u0131k Kap\u0131 birimi arac\u0131l\u0131\u011f\u0131yla yetkililere iletebilece\u011fini hat\u0131rlatarak, vatanda\u015f odakl\u0131 hizmet anlay\u0131\u015f\u0131yla \u00e7al\u0131\u015fmalar\u0131n s\u00fcrd\u00fcr\u00fcld\u00fc\u011f\u00fcn\u00fc ifade etti.<br \/><\/p>\n","protected":false},"excerpt":{"rendered":"<p>Manisa\u2019n\u0131n Salihli il\u00e7e Kaymakam\u0131 Ali G\u00fcldo\u011fan, vatanda\u015flar\u0131n talep ve sorunlar\u0131n\u0131 dinlemek amac\u0131yla d\u00fczenlenen &#8220;A\u00e7\u0131k Kap\u0131 Milletin Kap\u0131s\u0131&#8221; bulu\u015fmas\u0131nda vatanda\u015flarla bir araya geldi. Salihli Kaymakaml\u0131\u011f\u0131 giri\u015finde hizmet veren A\u00e7\u0131k Kap\u0131 birimini Ramazan Ay\u0131\u2019nda ziyaret eden Kaymakam G\u00fcldo\u011fan, vatanda\u015flar\u0131n istek ve \u015fik\u00e2yetlerini tek tek dinledi. G\u00f6r\u00fc\u015fmeler s\u0131ras\u0131nda iletilen taleplerin \u00e7\u00f6z\u00fcm\u00fc i\u00e7in ilgili kurum ve birimlere gerekli y\u00f6nlendirmelerde&#8230;<\/p>\n","protected":false},"author":1,"featured_media":92525,"comment_status":"open","ping_status":"open","sticky":false,"template":"","format":"standard","meta":{"_crdt_document":"","footnotes":""},"categories":[123],"tags":[],"class_list":["post-92524","post","type-post","status-publish","format-standard","has-post-thumbnail","hentry","category-gundem"],"_links":{"self":[{"href":"https:\/\/www.egemtv.com\/index.php?rest_route=\/wp\/v2\/posts\/92524","targetHints":{"allow":["GET"]}}],"collection":[{"href":"https:\/\/www.egemtv.com\/index.php?rest_route=\/wp\/v2\/posts"}],"about":[{"href":"https:\/\/www.egemtv.com\/index.php?rest_route=\/wp\/v2\/types\/post"}],"author":[{"embeddable":true,"href":"https:\/\/www.egemtv.com\/index.php?rest_route=\/wp\/v2\/users\/1"}],"replies":[{"embeddable":true,"href":"https:\/\/www.egemtv.com\/index.php?rest_route=%2Fwp%2Fv2%2Fcomments&post=92524"}],"version-history":[{"count":1,"href":"https:\/\/www.egemtv.com\/index.php?rest_route=\/wp\/v2\/posts\/92524\/revisions"}],"predecessor-version":[{"id":92526,"href":"https:\/\/www.egemtv.com\/index.php?rest_route=\/wp\/v2\/posts\/92524\/revisions\/92526"}],"wp:featuredmedia":[{"embeddable":true,"href":"https:\/\/www.egemtv.com\/index.php?rest_route=\/wp\/v2\/media\/92525"}],"wp:attachment":[{"href":"https:\/\/www.egemtv.com\/index.php?rest_route=%2Fwp%2Fv2%2Fmedia&parent=92524"}],"wp:term":[{"taxonomy":"category","embeddable":true,"href":"https:\/\/www.egemtv.com\/index.php?rest_route=%2Fwp%2Fv2%2Fcategories&post=92524"},{"taxonomy":"post_tag","embeddable":true,"href":"https:\/\/www.egemtv.com\/index.php?rest_route=%2Fwp%2Fv2%2Ftags&post=92524"}],"curies":[{"name":"wp","href":"https:\/\/api.w.org\/{rel}","templated":true}]}}