{"id":92521,"date":"2026-03-07T12:55:05","date_gmt":"2026-03-07T09:55:05","guid":{"rendered":"https:\/\/www.egemtv.com\/?p=92521"},"modified":"2026-03-07T12:55:06","modified_gmt":"2026-03-07T09:55:06","slug":"kocarlili-ureticilere-uygulamali-budama-egitimi","status":"publish","type":"post","link":"https:\/\/www.egemtv.com\/?p=92521","title":{"rendered":"Ko\u00e7arl\u0131l\u0131 \u00fcreticilere uygulamal\u0131 budama e\u011fitimi"},"content":{"rendered":"<p>Ayd\u0131n\u2019\u0131n Ko\u00e7arl\u0131 il\u00e7esinde \u00fcreticiler, il\u00e7e tar\u0131m m\u00fcd\u00fcrl\u00fc\u011f\u00fc koordinesinde d\u00fczenlenen teknik gezi program\u0131 kapsam\u0131nda \u0130zmir Zeytincilik Ara\u015ft\u0131rma Enstit\u00fcs\u00fc\u2019n\u00fc ziyaret ederek zeytinde bak\u0131m, hastal\u0131klarla m\u00fccadele ve do\u011fru budama teknikleri konusunda uygulamal\u0131 e\u011fitim ald\u0131.<br \/>\n<br \/>Ko\u00e7arl\u0131 \u0130l\u00e7e Tar\u0131m ve Orman M\u00fcd\u00fcrl\u00fc\u011f\u00fc ile Ko\u00e7arl\u0131 Ziraat Odas\u0131 Ba\u015fkanl\u0131\u011f\u0131 i\u015f birli\u011finde d\u00fczenlenen &#8220;\u00c7ift\u00e7i Teknik Gezisi Program\u0131&#8221; kapsam\u0131nda Ko\u00e7arl\u0131\u2019daki zeytin \u00fcreticileri \u0130zmir Zeytincilik Ara\u015ft\u0131rma Enstit\u00fcs\u00fc M\u00fcd\u00fcrl\u00fc\u011f\u00fc\u2019n\u00fc ziyaret etti. Program kapsam\u0131nda \u00fcreticilere zeytinde bak\u0131m ve besleme, zeytin hastal\u0131k ve zararl\u0131lar\u0131yla m\u00fccadele ile do\u011fru budama teknikleri konular\u0131nda e\u011fitim verildi. Uzmanlar taraf\u0131ndan verilen e\u011fitimler hem teorik anlat\u0131mlarla hem de bah\u00e7ede ger\u00e7ekle\u015ftirilen birebir uygulamal\u0131 \u00e7al\u0131\u015fmalarla desteklendi. Uygulamal\u0131 budama e\u011fitiminde \u00fcreticiler, zeytin a\u011fa\u00e7lar\u0131nda do\u011fru budama y\u00f6ntemlerini sahada g\u00f6rerek \u00f6\u011frenme f\u0131rsat\u0131 buldu. Bah\u00e7ede yap\u0131lan uygulamalar sayesinde \u00e7ift\u00e7iler, budama tekniklerini uzmanlar e\u015fli\u011finde prati\u011fe d\u00f6kerek bilgi ve becerilerini geli\u015ftirdi. \u00dcreticilerin bilgi ve tecr\u00fcbesini art\u0131rmay\u0131 ama\u00e7layan program\u0131n verimli ge\u00e7ti\u011fi belirtilirken, e\u011fitimlerde eme\u011fi ge\u00e7en \u0130zmir Zeytincilik Ara\u015ft\u0131rma Enstit\u00fcs\u00fc uzmanlar\u0131na ve katk\u0131lar\u0131ndan dolay\u0131 Ko\u00e7arl\u0131 Ziraat Odas\u0131 Ba\u015fkan\u0131 Taner G\u00fcne\u015f\u2019e te\u015fekk\u00fcr edildi. Program sonunda kat\u0131l\u0131mc\u0131 \u00fcreticilere bereketli ve verimli bir \u00fcretim sezonu temennisinde bulunuldu.<br \/><\/p>\n","protected":false},"excerpt":{"rendered":"<p>Ayd\u0131n\u2019\u0131n Ko\u00e7arl\u0131 il\u00e7esinde \u00fcreticiler, il\u00e7e tar\u0131m m\u00fcd\u00fcrl\u00fc\u011f\u00fc koordinesinde d\u00fczenlenen teknik gezi program\u0131 kapsam\u0131nda \u0130zmir Zeytincilik Ara\u015ft\u0131rma Enstit\u00fcs\u00fc\u2019n\u00fc ziyaret ederek zeytinde bak\u0131m, hastal\u0131klarla m\u00fccadele ve do\u011fru budama teknikleri konusunda uygulamal\u0131 e\u011fitim ald\u0131. Ko\u00e7arl\u0131 \u0130l\u00e7e Tar\u0131m ve Orman M\u00fcd\u00fcrl\u00fc\u011f\u00fc ile Ko\u00e7arl\u0131 Ziraat Odas\u0131 Ba\u015fkanl\u0131\u011f\u0131 i\u015f birli\u011finde d\u00fczenlenen &#8220;\u00c7ift\u00e7i Teknik Gezisi Program\u0131&#8221; kapsam\u0131nda Ko\u00e7arl\u0131\u2019daki zeytin \u00fcreticileri \u0130zmir Zeytincilik&#8230;<\/p>\n","protected":false},"author":1,"featured_media":92522,"comment_status":"open","ping_status":"open","sticky":false,"template":"","format":"standard","meta":{"_crdt_document":"","footnotes":""},"categories":[1],"tags":[],"class_list":["post-92521","post","type-post","status-publish","format-standard","has-post-thumbnail","hentry","category-guncel"],"_links":{"self":[{"href":"https:\/\/www.egemtv.com\/index.php?rest_route=\/wp\/v2\/posts\/92521","targetHints":{"allow":["GET"]}}],"collection":[{"href":"https:\/\/www.egemtv.com\/index.php?rest_route=\/wp\/v2\/posts"}],"about":[{"href":"https:\/\/www.egemtv.com\/index.php?rest_route=\/wp\/v2\/types\/post"}],"author":[{"embeddable":true,"href":"https:\/\/www.egemtv.com\/index.php?rest_route=\/wp\/v2\/users\/1"}],"replies":[{"embeddable":true,"href":"https:\/\/www.egemtv.com\/index.php?rest_route=%2Fwp%2Fv2%2Fcomments&post=92521"}],"version-history":[{"count":1,"href":"https:\/\/www.egemtv.com\/index.php?rest_route=\/wp\/v2\/posts\/92521\/revisions"}],"predecessor-version":[{"id":92523,"href":"https:\/\/www.egemtv.com\/index.php?rest_route=\/wp\/v2\/posts\/92521\/revisions\/92523"}],"wp:featuredmedia":[{"embeddable":true,"href":"https:\/\/www.egemtv.com\/index.php?rest_route=\/wp\/v2\/media\/92522"}],"wp:attachment":[{"href":"https:\/\/www.egemtv.com\/index.php?rest_route=%2Fwp%2Fv2%2Fmedia&parent=92521"}],"wp:term":[{"taxonomy":"category","embeddable":true,"href":"https:\/\/www.egemtv.com\/index.php?rest_route=%2Fwp%2Fv2%2Fcategories&post=92521"},{"taxonomy":"post_tag","embeddable":true,"href":"https:\/\/www.egemtv.com\/index.php?rest_route=%2Fwp%2Fv2%2Ftags&post=92521"}],"curies":[{"name":"wp","href":"https:\/\/api.w.org\/{rel}","templated":true}]}}