{"id":92518,"date":"2026-03-07T12:55:03","date_gmt":"2026-03-07T09:55:03","guid":{"rendered":"https:\/\/www.egemtv.com\/?p=92518"},"modified":"2026-03-07T12:55:05","modified_gmt":"2026-03-07T09:55:05","slug":"ciftcilere-bitki-koruma-egitimi-verildi","status":"publish","type":"post","link":"https:\/\/www.egemtv.com\/?p=92518","title":{"rendered":"\u00c7ift\u00e7ilere bitki koruma e\u011fitimi verildi"},"content":{"rendered":"<p>Afyonkarahisar\u2019da \u00e7ift\u00e7ilere y\u00f6nelik bitki koruma \u00fcr\u00fcnleri uygulama e\u011fitimi verildi.<br \/>\n<br \/>E\u011fitim \u00e7al\u0131\u015fmalar\u0131n\u0131n Afyonkarahisar Tar\u0131m ve Orman \u0130l M\u00fcd\u00fcrl\u00fc\u011f\u00fc ekipleri taraf\u0131ndan verildi\u011fi belirtildi. E\u011fitim \u00e7al\u0131\u015fmas\u0131yla ilgili yap\u0131lan a\u00e7\u0131klamada, &#8220;\u0130l M\u00fcd\u00fcrl\u00fc\u011f\u00fcm\u00fcz Bitkisel \u00dcretim ve Bitki Sa\u011fl\u0131\u011f\u0131 \u015eube M\u00fcd\u00fcrl\u00fc\u011f\u00fcm\u00fczce \u2018Bitki Koruma \u00dcr\u00fcnlerinin Uygulanmas\u0131 ve Denetimine \u0130li\u015fkin Y\u00f6netmelik\u2019 do\u011frultusunda bitkisel \u00fcretim yapan \u00fcreticilerimize bitki koruma \u00fcr\u00fcnleri uygulay\u0131c\u0131s\u0131 e\u011fitimlerimiz devam etmektedir. K\u00f6y ve beldelerimizde yap\u0131lan toplant\u0131larda \u00fcreticilerimize ayr\u0131ca yeni y\u00f6netmelik de\u011fi\u015fiklikleri, B-Re\u00e7ete Sistemi Uygulamas\u0131, bitki koruma \u00fcr\u00fcnleri ve do\u011fru uygulama y\u00f6ntemleri ile tar\u0131msal \u00fcretim planlamas\u0131 ve tar\u0131msal desteklemeleri konular\u0131nda bilgilendirmeler yap\u0131lm\u0131\u015ft\u0131r&#8221; ifadelerine yer verildi.<br \/><\/p>\n","protected":false},"excerpt":{"rendered":"<p>Afyonkarahisar\u2019da \u00e7ift\u00e7ilere y\u00f6nelik bitki koruma \u00fcr\u00fcnleri uygulama e\u011fitimi verildi. E\u011fitim \u00e7al\u0131\u015fmalar\u0131n\u0131n Afyonkarahisar Tar\u0131m ve Orman \u0130l M\u00fcd\u00fcrl\u00fc\u011f\u00fc ekipleri taraf\u0131ndan verildi\u011fi belirtildi. E\u011fitim \u00e7al\u0131\u015fmas\u0131yla ilgili yap\u0131lan a\u00e7\u0131klamada, &#8220;\u0130l M\u00fcd\u00fcrl\u00fc\u011f\u00fcm\u00fcz Bitkisel \u00dcretim ve Bitki Sa\u011fl\u0131\u011f\u0131 \u015eube M\u00fcd\u00fcrl\u00fc\u011f\u00fcm\u00fczce \u2018Bitki Koruma \u00dcr\u00fcnlerinin Uygulanmas\u0131 ve Denetimine \u0130li\u015fkin Y\u00f6netmelik\u2019 do\u011frultusunda bitkisel \u00fcretim yapan \u00fcreticilerimize bitki koruma \u00fcr\u00fcnleri uygulay\u0131c\u0131s\u0131 e\u011fitimlerimiz devam etmektedir&#8230;.<\/p>\n","protected":false},"author":1,"featured_media":92519,"comment_status":"open","ping_status":"open","sticky":false,"template":"","format":"standard","meta":{"_crdt_document":"","footnotes":""},"categories":[1],"tags":[],"class_list":["post-92518","post","type-post","status-publish","format-standard","has-post-thumbnail","hentry","category-guncel"],"_links":{"self":[{"href":"https:\/\/www.egemtv.com\/index.php?rest_route=\/wp\/v2\/posts\/92518","targetHints":{"allow":["GET"]}}],"collection":[{"href":"https:\/\/www.egemtv.com\/index.php?rest_route=\/wp\/v2\/posts"}],"about":[{"href":"https:\/\/www.egemtv.com\/index.php?rest_route=\/wp\/v2\/types\/post"}],"author":[{"embeddable":true,"href":"https:\/\/www.egemtv.com\/index.php?rest_route=\/wp\/v2\/users\/1"}],"replies":[{"embeddable":true,"href":"https:\/\/www.egemtv.com\/index.php?rest_route=%2Fwp%2Fv2%2Fcomments&post=92518"}],"version-history":[{"count":1,"href":"https:\/\/www.egemtv.com\/index.php?rest_route=\/wp\/v2\/posts\/92518\/revisions"}],"predecessor-version":[{"id":92520,"href":"https:\/\/www.egemtv.com\/index.php?rest_route=\/wp\/v2\/posts\/92518\/revisions\/92520"}],"wp:featuredmedia":[{"embeddable":true,"href":"https:\/\/www.egemtv.com\/index.php?rest_route=\/wp\/v2\/media\/92519"}],"wp:attachment":[{"href":"https:\/\/www.egemtv.com\/index.php?rest_route=%2Fwp%2Fv2%2Fmedia&parent=92518"}],"wp:term":[{"taxonomy":"category","embeddable":true,"href":"https:\/\/www.egemtv.com\/index.php?rest_route=%2Fwp%2Fv2%2Fcategories&post=92518"},{"taxonomy":"post_tag","embeddable":true,"href":"https:\/\/www.egemtv.com\/index.php?rest_route=%2Fwp%2Fv2%2Ftags&post=92518"}],"curies":[{"name":"wp","href":"https:\/\/api.w.org\/{rel}","templated":true}]}}