{"id":92515,"date":"2026-03-07T12:34:39","date_gmt":"2026-03-07T09:34:39","guid":{"rendered":"https:\/\/www.egemtv.com\/?p=92515"},"modified":"2026-03-07T12:34:43","modified_gmt":"2026-03-07T09:34:43","slug":"muftuluk-personelleri-universite-ogrencileriyle-iftarda-bulustu","status":"publish","type":"post","link":"https:\/\/www.egemtv.com\/?p=92515","title":{"rendered":"M\u00fcft\u00fcl\u00fck personelleri \u00fcniversite \u00f6\u011frencileriyle iftarda bulu\u015ftu"},"content":{"rendered":"<p>Afyonkarahisar \u0130l M\u00fcft\u00fcl\u00fc\u011f\u00fc taraf\u0131ndan, Afyonkarahisar Sa\u011fl\u0131k Bilimleri \u00dcniversitesi (AFS\u00dc) \u00f6\u011frencileri ile T\u00fcrkiye Diyanet Vakf\u0131 (TDV) evlerinde kalan k\u0131z \u00f6\u011frencilerin kat\u0131l\u0131m\u0131yla Diyanet Gen\u00e7lik Merkezi\u2019nde iftar program\u0131 ger\u00e7ekle\u015ftirildi.<br \/>\n<br \/>Ramazan ay\u0131n\u0131n manevi atmosferinde d\u00fczenlenen programda \u00f6\u011frenciler bir araya gelerek iftarlar\u0131n\u0131 a\u00e7t\u0131. Programda konu\u015fan \u0130l M\u00fcft\u00fc Yard\u0131mc\u0131s\u0131 Tu\u011fba Anatoprak, Ramazan ay\u0131n\u0131n birlik, beraberlik ve payla\u015fma ay\u0131 oldu\u011funu vurgulayarak gen\u00e7lerle bir araya gelmenin \u00f6nemine de\u011findi. Anatoprak, gen\u00e7lerin manevi geli\u015fimine katk\u0131 sunan bu t\u00fcr bulu\u015fmalar\u0131n k\u0131ymetli oldu\u011funu ifade ederek Ramazan ay\u0131n\u0131n en g\u00fczel \u015fekilde de\u011ferlendirilmesi temennisinde bulundu.<br \/>\n<br \/>Program, yap\u0131lan dua ve iftar sonras\u0131 ger\u00e7ekle\u015ftirilen sohbetlerle sona erdi.<br \/><\/p>\n","protected":false},"excerpt":{"rendered":"<p>Afyonkarahisar \u0130l M\u00fcft\u00fcl\u00fc\u011f\u00fc taraf\u0131ndan, Afyonkarahisar Sa\u011fl\u0131k Bilimleri \u00dcniversitesi (AFS\u00dc) \u00f6\u011frencileri ile T\u00fcrkiye Diyanet Vakf\u0131 (TDV) evlerinde kalan k\u0131z \u00f6\u011frencilerin kat\u0131l\u0131m\u0131yla Diyanet Gen\u00e7lik Merkezi\u2019nde iftar program\u0131 ger\u00e7ekle\u015ftirildi. Ramazan ay\u0131n\u0131n manevi atmosferinde d\u00fczenlenen programda \u00f6\u011frenciler bir araya gelerek iftarlar\u0131n\u0131 a\u00e7t\u0131. Programda konu\u015fan \u0130l M\u00fcft\u00fc Yard\u0131mc\u0131s\u0131 Tu\u011fba Anatoprak, Ramazan ay\u0131n\u0131n birlik, beraberlik ve payla\u015fma ay\u0131 oldu\u011funu vurgulayarak gen\u00e7lerle&#8230;<\/p>\n","protected":false},"author":1,"featured_media":92516,"comment_status":"open","ping_status":"open","sticky":false,"template":"","format":"standard","meta":{"_crdt_document":"","footnotes":""},"categories":[1],"tags":[],"class_list":["post-92515","post","type-post","status-publish","format-standard","has-post-thumbnail","hentry","category-guncel"],"_links":{"self":[{"href":"https:\/\/www.egemtv.com\/index.php?rest_route=\/wp\/v2\/posts\/92515","targetHints":{"allow":["GET"]}}],"collection":[{"href":"https:\/\/www.egemtv.com\/index.php?rest_route=\/wp\/v2\/posts"}],"about":[{"href":"https:\/\/www.egemtv.com\/index.php?rest_route=\/wp\/v2\/types\/post"}],"author":[{"embeddable":true,"href":"https:\/\/www.egemtv.com\/index.php?rest_route=\/wp\/v2\/users\/1"}],"replies":[{"embeddable":true,"href":"https:\/\/www.egemtv.com\/index.php?rest_route=%2Fwp%2Fv2%2Fcomments&post=92515"}],"version-history":[{"count":1,"href":"https:\/\/www.egemtv.com\/index.php?rest_route=\/wp\/v2\/posts\/92515\/revisions"}],"predecessor-version":[{"id":92517,"href":"https:\/\/www.egemtv.com\/index.php?rest_route=\/wp\/v2\/posts\/92515\/revisions\/92517"}],"wp:featuredmedia":[{"embeddable":true,"href":"https:\/\/www.egemtv.com\/index.php?rest_route=\/wp\/v2\/media\/92516"}],"wp:attachment":[{"href":"https:\/\/www.egemtv.com\/index.php?rest_route=%2Fwp%2Fv2%2Fmedia&parent=92515"}],"wp:term":[{"taxonomy":"category","embeddable":true,"href":"https:\/\/www.egemtv.com\/index.php?rest_route=%2Fwp%2Fv2%2Fcategories&post=92515"},{"taxonomy":"post_tag","embeddable":true,"href":"https:\/\/www.egemtv.com\/index.php?rest_route=%2Fwp%2Fv2%2Ftags&post=92515"}],"curies":[{"name":"wp","href":"https:\/\/api.w.org\/{rel}","templated":true}]}}