{"id":92512,"date":"2026-03-07T12:34:39","date_gmt":"2026-03-07T09:34:39","guid":{"rendered":"https:\/\/www.egemtv.com\/?p=92512"},"modified":"2026-03-07T12:34:39","modified_gmt":"2026-03-07T09:34:39","slug":"tavsanlida-40-yili-askin-esnafa-ziyaret-ve-hediye","status":"publish","type":"post","link":"https:\/\/www.egemtv.com\/?p=92512","title":{"rendered":"Tav\u015fanl\u0131\u2019da 40 y\u0131l\u0131 a\u015fk\u0131n esnafa ziyaret ve hediye"},"content":{"rendered":"<p>K\u00fctahya\u2019n\u0131n Tav\u015fanl\u0131 il\u00e7esinde Vergi Haftas\u0131 kutlamalar\u0131 kapsam\u0131nda, il\u00e7ede 40 y\u0131l\u0131 a\u015fk\u0131n s\u00fcredir faaliyet g\u00f6steren ve vergi \u00f6devlerini aksatmadan yerine getiren emektar m\u00fckellefler unutulmad\u0131.<br \/>\n<br \/>K\u00fctahya\u2019n\u0131n Tav\u015fanl\u0131 il\u00e7esinde, bu y\u0131l 37\u2019inci kez kutlanan Vergi Haftas\u0131 etkinlikleri \u00e7er\u00e7evesinde anlaml\u0131 bir program ger\u00e7ekle\u015ftirildi. Tav\u015fanl\u0131 Vergi Dairesi M\u00fcd\u00fcrl\u00fc\u011f\u00fc ekipleri, il\u00e7enin ekonomik hayat\u0131na on y\u0131llard\u0131r katk\u0131 sunan \u2019duayen\u2019 esnaflar\u0131 ziyaret ederek devletin yanlar\u0131nda oldu\u011fu mesaj\u0131n\u0131 verdi.<br \/>\n<br \/>Vergi bilincinin olu\u015fturulmas\u0131 ve toplumun t\u00fcm kesimlerine benimsetilmesi amac\u0131yla d\u00fczenlenen etkinliklerde, il\u00e7ede 40 y\u0131l\u0131 a\u015fk\u0131n s\u00fcredir sicil kayd\u0131 bulunan ve vergi uyumuyla \u00f6rnek te\u015fkil eden m\u00fckellefler tek tek ziyaret edildi. Vergi dairesi personelleri, il\u00e7enin k\u00f6kl\u00fc esnaflar\u0131yla bir araya gelerek ge\u00e7mi\u015ften g\u00fcn\u00fcm\u00fcze ticaret hayat\u0131 \u00fczerine sohbet etti.<br \/>\n<br \/>Ziyaretler s\u0131ras\u0131nda duyduklar\u0131 memnuniyeti dile getiren emektar m\u00fckellefler, hat\u0131rlanman\u0131n gurur verici oldu\u011funu ifade etti. Vergi dairesi yetkilileri ise yapt\u0131klar\u0131 a\u00e7\u0131klamada \u015fu ifadelere yer verdi:<br \/>\n<br \/>&#8220;\u0130l\u00e7emizde 40 y\u0131l\u0131 a\u015fk\u0131n s\u00fcredir d\u00fcr\u00fcst\u00e7e ticaretini s\u00fcrd\u00fcren, vergisiyle \u00fclkemizin kalk\u0131nmas\u0131na omuz veren esnaflar\u0131m\u0131z bizim i\u00e7in \u00e7ok k\u0131ymetli. Onlar sadece birer m\u00fckellef de\u011fil, ayn\u0131 zamanda ahilik k\u00fclt\u00fcr\u00fcn\u00fc ya\u015fatan ve gen\u00e7 nesillere \u00f6rnek olan de\u011ferlerimizdir. Bu anlaml\u0131 haftada kendilerine \u015f\u00fckranlar\u0131m\u0131z\u0131 sunduk.&#8221;<br \/>\n<br \/>Program kapsam\u0131nda ziyaret edilen i\u015fletme sahiplerine, Vergi Haftas\u0131 an\u0131s\u0131na haz\u0131rlanan \u00f6zel hediyeler ve te\u015fekk\u00fcr belgeleri takdim edildi. Olduk\u00e7a samimi bir atmosferde ge\u00e7en ziyaretler, \u00e7ekilen hat\u0131ra foto\u011fraflar\u0131 ile \u00f6l\u00fcms\u00fczle\u015ftirildi.<br \/>\n<br \/>Tav\u015fanl\u0131 Vergi Dairesi\u2019nin hafta boyunca \u00e7e\u015fitli kurum ziyaretleri ve bilgilendirme faaliyetlerine devam edece\u011fi \u00f6\u011frenildi.<br \/><\/p>\n","protected":false},"excerpt":{"rendered":"<p>K\u00fctahya\u2019n\u0131n Tav\u015fanl\u0131 il\u00e7esinde Vergi Haftas\u0131 kutlamalar\u0131 kapsam\u0131nda, il\u00e7ede 40 y\u0131l\u0131 a\u015fk\u0131n s\u00fcredir faaliyet g\u00f6steren ve vergi \u00f6devlerini aksatmadan yerine getiren emektar m\u00fckellefler unutulmad\u0131. K\u00fctahya\u2019n\u0131n Tav\u015fanl\u0131 il\u00e7esinde, bu y\u0131l 37\u2019inci kez kutlanan Vergi Haftas\u0131 etkinlikleri \u00e7er\u00e7evesinde anlaml\u0131 bir program ger\u00e7ekle\u015ftirildi. Tav\u015fanl\u0131 Vergi Dairesi M\u00fcd\u00fcrl\u00fc\u011f\u00fc ekipleri, il\u00e7enin ekonomik hayat\u0131na on y\u0131llard\u0131r katk\u0131 sunan \u2019duayen\u2019 esnaflar\u0131 ziyaret ederek&#8230;<\/p>\n","protected":false},"author":1,"featured_media":92513,"comment_status":"open","ping_status":"open","sticky":false,"template":"","format":"standard","meta":{"_crdt_document":"","footnotes":""},"categories":[125],"tags":[],"class_list":["post-92512","post","type-post","status-publish","format-standard","has-post-thumbnail","hentry","category-ekonomi"],"_links":{"self":[{"href":"https:\/\/www.egemtv.com\/index.php?rest_route=\/wp\/v2\/posts\/92512","targetHints":{"allow":["GET"]}}],"collection":[{"href":"https:\/\/www.egemtv.com\/index.php?rest_route=\/wp\/v2\/posts"}],"about":[{"href":"https:\/\/www.egemtv.com\/index.php?rest_route=\/wp\/v2\/types\/post"}],"author":[{"embeddable":true,"href":"https:\/\/www.egemtv.com\/index.php?rest_route=\/wp\/v2\/users\/1"}],"replies":[{"embeddable":true,"href":"https:\/\/www.egemtv.com\/index.php?rest_route=%2Fwp%2Fv2%2Fcomments&post=92512"}],"version-history":[{"count":1,"href":"https:\/\/www.egemtv.com\/index.php?rest_route=\/wp\/v2\/posts\/92512\/revisions"}],"predecessor-version":[{"id":92514,"href":"https:\/\/www.egemtv.com\/index.php?rest_route=\/wp\/v2\/posts\/92512\/revisions\/92514"}],"wp:featuredmedia":[{"embeddable":true,"href":"https:\/\/www.egemtv.com\/index.php?rest_route=\/wp\/v2\/media\/92513"}],"wp:attachment":[{"href":"https:\/\/www.egemtv.com\/index.php?rest_route=%2Fwp%2Fv2%2Fmedia&parent=92512"}],"wp:term":[{"taxonomy":"category","embeddable":true,"href":"https:\/\/www.egemtv.com\/index.php?rest_route=%2Fwp%2Fv2%2Fcategories&post=92512"},{"taxonomy":"post_tag","embeddable":true,"href":"https:\/\/www.egemtv.com\/index.php?rest_route=%2Fwp%2Fv2%2Ftags&post=92512"}],"curies":[{"name":"wp","href":"https:\/\/api.w.org\/{rel}","templated":true}]}}