{"id":92509,"date":"2026-03-07T12:34:37","date_gmt":"2026-03-07T09:34:37","guid":{"rendered":"https:\/\/www.egemtv.com\/?p=92509"},"modified":"2026-03-07T12:34:38","modified_gmt":"2026-03-07T09:34:38","slug":"kadinlar-icin-destek-noktasi-olusturuldu","status":"publish","type":"post","link":"https:\/\/www.egemtv.com\/?p=92509","title":{"rendered":"Kad\u0131nlar i\u00e7in destek noktas\u0131 olu\u015fturuldu"},"content":{"rendered":"<p>Ayd\u0131n\u2019\u0131n Didim il\u00e7esinde sahaya inen belediye ekipleri, kad\u0131nlar i\u00e7in olu\u015fturduklar\u0131 destek noktas\u0131nda hem bilgilendirdi hem de kad\u0131nlar\u0131n g\u00fcn\u00fcn\u00fc kutlad\u0131.<\/p>\n<p>8 Mart D\u00fcnya Emek\u00e7i Kad\u0131nlar G\u00fcn\u00fc kapsam\u0131nda Didim Belediyesi Kad\u0131n ve Aile Hizmetleri M\u00fcd\u00fcrl\u00fc\u011f\u00fc taraf\u0131ndan bilgilendirme stand\u0131 kuruldu. Didim Merkez Camii \u00f6n\u00fcnde kurulan stantta halka kad\u0131n haklar\u0131 ve kad\u0131nlara y\u00f6nelik destek mekanizmalar\u0131 hakk\u0131nda bilgi verildi. Etkinlik kapsam\u0131nda g\u00f6revli ekipler taraf\u0131ndan kad\u0131nlar\u0131n haklar\u0131, Didim Belediyesi\u2019nin kad\u0131nlara y\u00f6nelik sundu\u011fu hizmetler ve ihtiya\u00e7 duyuldu\u011funda ba\u015fvurulabilecek destek noktalar\u0131 hakk\u0131nda bilgilendirme yap\u0131ld\u0131. Kurulan stantta, kad\u0131nlar\u0131n sosyal ve hukuki haklar\u0131 konusunda fark\u0131ndal\u0131k olu\u015fturulmas\u0131 ama\u00e7lan\u0131rken, belediye b\u00fcnyesinde sunulan dan\u0131\u015fmanl\u0131k ve destek hizmetleri de tan\u0131t\u0131ld\u0131.<\/p>\n<p>Didim Belediye Ba\u015fkan\u0131 Hatice Gen\u00e7ay, D\u00fcnya Emek\u00e7i Kad\u0131nlar G\u00fcn\u00fc kapsam\u0131nda ger\u00e7ekle\u015ftirilen etkinli\u011fe ili\u015fkin yapt\u0131\u011f\u0131 a\u00e7\u0131klamada kad\u0131nlar\u0131n g\u00fc\u00e7lenmesine y\u00f6nelik \u00e7al\u0131\u015fmalar\u0131n \u00f6nemine dikkat \u00e7ekti. Ba\u015fkan Gen\u00e7ay, mesaj\u0131nda &#8220;Kad\u0131nlar\u0131n e\u015fit, \u00f6zg\u00fcr ve g\u00fcvenli bir ya\u015fam s\u00fcrd\u00fcrebilmesi i\u00e7in yerel y\u00f6netimler olarak \u00f6nemli sorumluluklar\u0131m\u0131z bulunuyor. Didim Belediyesi olarak kad\u0131nlar\u0131n sosyal, ekonomik ve toplumsal ya\u015famda daha g\u00fc\u00e7l\u00fc yer almas\u0131 i\u00e7in \u00e7al\u0131\u015fmalar\u0131m\u0131z\u0131 kararl\u0131l\u0131kla s\u00fcrd\u00fcr\u00fcyoruz&#8221; ifadelerini kulland\u0131.<br \/><\/p>\n","protected":false},"excerpt":{"rendered":"<p>Ayd\u0131n\u2019\u0131n Didim il\u00e7esinde sahaya inen belediye ekipleri, kad\u0131nlar i\u00e7in olu\u015fturduklar\u0131 destek noktas\u0131nda hem bilgilendirdi hem de kad\u0131nlar\u0131n g\u00fcn\u00fcn\u00fc kutlad\u0131. 8 Mart D\u00fcnya Emek\u00e7i Kad\u0131nlar G\u00fcn\u00fc kapsam\u0131nda Didim Belediyesi Kad\u0131n ve Aile Hizmetleri M\u00fcd\u00fcrl\u00fc\u011f\u00fc taraf\u0131ndan bilgilendirme stand\u0131 kuruldu. Didim Merkez Camii \u00f6n\u00fcnde kurulan stantta halka kad\u0131n haklar\u0131 ve kad\u0131nlara y\u00f6nelik destek mekanizmalar\u0131 hakk\u0131nda bilgi verildi. Etkinlik&#8230;<\/p>\n","protected":false},"author":1,"featured_media":92510,"comment_status":"open","ping_status":"open","sticky":false,"template":"","format":"standard","meta":{"_crdt_document":"","footnotes":""},"categories":[1],"tags":[],"class_list":["post-92509","post","type-post","status-publish","format-standard","has-post-thumbnail","hentry","category-guncel"],"_links":{"self":[{"href":"https:\/\/www.egemtv.com\/index.php?rest_route=\/wp\/v2\/posts\/92509","targetHints":{"allow":["GET"]}}],"collection":[{"href":"https:\/\/www.egemtv.com\/index.php?rest_route=\/wp\/v2\/posts"}],"about":[{"href":"https:\/\/www.egemtv.com\/index.php?rest_route=\/wp\/v2\/types\/post"}],"author":[{"embeddable":true,"href":"https:\/\/www.egemtv.com\/index.php?rest_route=\/wp\/v2\/users\/1"}],"replies":[{"embeddable":true,"href":"https:\/\/www.egemtv.com\/index.php?rest_route=%2Fwp%2Fv2%2Fcomments&post=92509"}],"version-history":[{"count":1,"href":"https:\/\/www.egemtv.com\/index.php?rest_route=\/wp\/v2\/posts\/92509\/revisions"}],"predecessor-version":[{"id":92511,"href":"https:\/\/www.egemtv.com\/index.php?rest_route=\/wp\/v2\/posts\/92509\/revisions\/92511"}],"wp:featuredmedia":[{"embeddable":true,"href":"https:\/\/www.egemtv.com\/index.php?rest_route=\/wp\/v2\/media\/92510"}],"wp:attachment":[{"href":"https:\/\/www.egemtv.com\/index.php?rest_route=%2Fwp%2Fv2%2Fmedia&parent=92509"}],"wp:term":[{"taxonomy":"category","embeddable":true,"href":"https:\/\/www.egemtv.com\/index.php?rest_route=%2Fwp%2Fv2%2Fcategories&post=92509"},{"taxonomy":"post_tag","embeddable":true,"href":"https:\/\/www.egemtv.com\/index.php?rest_route=%2Fwp%2Fv2%2Ftags&post=92509"}],"curies":[{"name":"wp","href":"https:\/\/api.w.org\/{rel}","templated":true}]}}