{"id":92506,"date":"2026-03-07T12:34:35","date_gmt":"2026-03-07T09:34:35","guid":{"rendered":"https:\/\/www.egemtv.com\/?p=92506"},"modified":"2026-03-07T12:34:37","modified_gmt":"2026-03-07T09:34:37","slug":"kaymakam-turker-iftarda-emniyet-mensuplariyla-bir-araya-geldi","status":"publish","type":"post","link":"https:\/\/www.egemtv.com\/?p=92506","title":{"rendered":"Kaymakam T\u00fcrker iftarda emniyet mensuplar\u0131yla bir araya geldi"},"content":{"rendered":"<p>Afyonkarahisar \u00c7ay Kaymakam\u0131 Hasan H\u00fcsn\u00fc T\u00fcrker, emniyet mensuplar\u0131 ile iftar program\u0131nda bir araya geldi.<br \/>\n<br \/>Kaymakam T\u00fcrker, \u0130l\u00e7e Emniyet M\u00fcd\u00fcr\u00fc Tayyar Ar\u0131kan,  Polis Merkezi Amiri D\u00fcndar Bozkurt ve emniyet personeli ile birlikte il\u00e7e emniyet m\u00fcd\u00fcrl\u00fc\u011f\u00fcnde ger\u00e7ekle\u015ftirilen iftar program\u0131na kat\u0131ld\u0131.<br \/>\n<br \/>\u0130ftar program\u0131 ile ilgili konu\u015fan Kaymakam T\u00fcrker, &#8220;\u0130l\u00e7emizin huzur ve refah\u0131, g\u00fcvenlik ve esenli\u011fi i\u00e7in gece g\u00fcnd\u00fcz \u00e7al\u0131\u015fan mesai arkada\u015flar\u0131m\u0131n ramazan ay\u0131n\u0131n g\u00fczel ge\u00e7mesini temenni ederim. Onlarla beraber iftar etmek, mutluluklar\u0131na e\u015flik etmek \u00f6nemli ve de\u011ferli. Hepsine \u00e7al\u0131\u015fmalar\u0131nda ba\u015far\u0131lar dilerim&#8221; dedi.<br \/><\/p>\n","protected":false},"excerpt":{"rendered":"<p>Afyonkarahisar \u00c7ay Kaymakam\u0131 Hasan H\u00fcsn\u00fc T\u00fcrker, emniyet mensuplar\u0131 ile iftar program\u0131nda bir araya geldi. Kaymakam T\u00fcrker, \u0130l\u00e7e Emniyet M\u00fcd\u00fcr\u00fc Tayyar Ar\u0131kan, Polis Merkezi Amiri D\u00fcndar Bozkurt ve emniyet personeli ile birlikte il\u00e7e emniyet m\u00fcd\u00fcrl\u00fc\u011f\u00fcnde ger\u00e7ekle\u015ftirilen iftar program\u0131na kat\u0131ld\u0131. \u0130ftar program\u0131 ile ilgili konu\u015fan Kaymakam T\u00fcrker, &#8220;\u0130l\u00e7emizin huzur ve refah\u0131, g\u00fcvenlik ve esenli\u011fi i\u00e7in gece g\u00fcnd\u00fcz&#8230;<\/p>\n","protected":false},"author":1,"featured_media":92507,"comment_status":"open","ping_status":"open","sticky":false,"template":"","format":"standard","meta":{"_crdt_document":"","footnotes":""},"categories":[1],"tags":[],"class_list":["post-92506","post","type-post","status-publish","format-standard","has-post-thumbnail","hentry","category-guncel"],"_links":{"self":[{"href":"https:\/\/www.egemtv.com\/index.php?rest_route=\/wp\/v2\/posts\/92506","targetHints":{"allow":["GET"]}}],"collection":[{"href":"https:\/\/www.egemtv.com\/index.php?rest_route=\/wp\/v2\/posts"}],"about":[{"href":"https:\/\/www.egemtv.com\/index.php?rest_route=\/wp\/v2\/types\/post"}],"author":[{"embeddable":true,"href":"https:\/\/www.egemtv.com\/index.php?rest_route=\/wp\/v2\/users\/1"}],"replies":[{"embeddable":true,"href":"https:\/\/www.egemtv.com\/index.php?rest_route=%2Fwp%2Fv2%2Fcomments&post=92506"}],"version-history":[{"count":1,"href":"https:\/\/www.egemtv.com\/index.php?rest_route=\/wp\/v2\/posts\/92506\/revisions"}],"predecessor-version":[{"id":92508,"href":"https:\/\/www.egemtv.com\/index.php?rest_route=\/wp\/v2\/posts\/92506\/revisions\/92508"}],"wp:featuredmedia":[{"embeddable":true,"href":"https:\/\/www.egemtv.com\/index.php?rest_route=\/wp\/v2\/media\/92507"}],"wp:attachment":[{"href":"https:\/\/www.egemtv.com\/index.php?rest_route=%2Fwp%2Fv2%2Fmedia&parent=92506"}],"wp:term":[{"taxonomy":"category","embeddable":true,"href":"https:\/\/www.egemtv.com\/index.php?rest_route=%2Fwp%2Fv2%2Fcategories&post=92506"},{"taxonomy":"post_tag","embeddable":true,"href":"https:\/\/www.egemtv.com\/index.php?rest_route=%2Fwp%2Fv2%2Ftags&post=92506"}],"curies":[{"name":"wp","href":"https:\/\/api.w.org\/{rel}","templated":true}]}}