{"id":92503,"date":"2026-03-07T12:14:53","date_gmt":"2026-03-07T09:14:53","guid":{"rendered":"https:\/\/www.egemtv.com\/?p=92503"},"modified":"2026-03-07T12:14:54","modified_gmt":"2026-03-07T09:14:54","slug":"tavsanlida-berber-ve-kuaforler-iftar-sofrasinda-bulustu","status":"publish","type":"post","link":"https:\/\/www.egemtv.com\/?p=92503","title":{"rendered":"Tav\u015fanl\u0131\u2019da Berber ve Kuaf\u00f6rler iftar sofras\u0131nda bulu\u015ftu"},"content":{"rendered":"<p>K\u00fctahya\u2019n\u0131n Tav\u015fanl\u0131 il\u00e7esinde Berberler ve Kuaf\u00f6rler Odas\u0131 taraf\u0131ndan d\u00fczenlenen geleneksel iftar program\u0131, sekt\u00f6r temsilcilerini ve il\u00e7e protokol\u00fcn\u00fc bir araya getirdi.<br \/>\n<br \/>Tav\u015fanl\u0131 Berberler ve Kuaf\u00f6rler Odas\u0131\u2019n\u0131n ev sahipli\u011finde ger\u00e7ekle\u015ftirilen iftar program\u0131na; Tav\u015fanl\u0131 Belediye Ba\u015fkan\u0131 Ali Kemal Derin, K\u00fctahya Esnaf ve Sanatkarlar Odalar\u0131 Birli\u011fi (KUESOB) Ba\u015fkan\u0131 \u0130brahim Yi\u011fit, \u00e7evre il ve il\u00e7elerin oda ba\u015fkanlar\u0131, siyasi parti temsilcileri ve \u00e7ok say\u0131da oda \u00fcyesi kat\u0131ld\u0131.<br \/>\n<br \/>Ramazan ay\u0131n\u0131n manevi ikliminde d\u00fczenlenen programa; Eski\u015fehir Berberler ve Kuaf\u00f6rler Odas\u0131 Ba\u015fkan\u0131 Fethi \u00d6zkara, K\u00fctahya Berberler ve Kuaf\u00f6rler Odas\u0131 Ba\u015fkan\u0131 Bilal Kabaday\u0131 ve Alt\u0131nta\u015f Esnaf Kefalet Kooperatifi Ba\u015fkan\u0131 Nadir Erta\u015f gibi isimler kat\u0131l\u0131m sa\u011flayarak meslekta\u015flar\u0131na destek verdi. Kat\u0131l\u0131mc\u0131lar, ezan\u0131n okunmas\u0131yla birlikte dualar e\u015fli\u011finde oru\u00e7lar\u0131n\u0131 a\u00e7t\u0131.<br \/>\n<br \/>Programda bir konu\u015fma yapan Tav\u015fanl\u0131 Berberler ve Kuaf\u00f6rler Odas\u0131 Ba\u015fkan\u0131 Onur D\u00fcvenli, davetlilere te\u015fekk\u00fcr ederek bu t\u00fcr organizasyonlar\u0131n sekt\u00f6r \u00fczerindeki olumlu etkilerine de\u011findi. D\u00fcvenli, &#8220;Ramazan ay\u0131n\u0131n ruhuna uygun olarak d\u00fczenledi\u011fimiz bu programlar, meslekta\u015flar\u0131m\u0131z aras\u0131ndaki kayna\u015fmay\u0131, birlik ve beraberli\u011fi peki\u015ftiriyor. Manevi atmosferin payla\u015f\u0131ld\u0131\u011f\u0131 bu sofralarda bir arada olmaktan b\u00fcy\u00fck mutluluk duyuyoruz&#8221; dedi.<br \/>\n<br \/>Gecenin sonunda, mesleki dayan\u0131\u015fmaya katk\u0131lar\u0131ndan dolay\u0131 K\u00fctahya Berberler ve Kuaf\u00f6rler Odas\u0131 Ba\u015fkan\u0131 Bilal Kabaday\u0131 taraf\u0131ndan, Tav\u015fanl\u0131 Oda Ba\u015fkan\u0131 Onur D\u00fcvenli\u2019ye g\u00fcn\u00fcn an\u0131s\u0131na bir hediye takdim edildi. \u0130ftar program\u0131, edilen dualar\u0131n ve \u00e7ekilen toplu hat\u0131ra foto\u011fraflar\u0131n\u0131n ard\u0131ndan sona erdi.<br \/><\/p>\n","protected":false},"excerpt":{"rendered":"<p>K\u00fctahya\u2019n\u0131n Tav\u015fanl\u0131 il\u00e7esinde Berberler ve Kuaf\u00f6rler Odas\u0131 taraf\u0131ndan d\u00fczenlenen geleneksel iftar program\u0131, sekt\u00f6r temsilcilerini ve il\u00e7e protokol\u00fcn\u00fc bir araya getirdi. Tav\u015fanl\u0131 Berberler ve Kuaf\u00f6rler Odas\u0131\u2019n\u0131n ev sahipli\u011finde ger\u00e7ekle\u015ftirilen iftar program\u0131na; Tav\u015fanl\u0131 Belediye Ba\u015fkan\u0131 Ali Kemal Derin, K\u00fctahya Esnaf ve Sanatkarlar Odalar\u0131 Birli\u011fi (KUESOB) Ba\u015fkan\u0131 \u0130brahim Yi\u011fit, \u00e7evre il ve il\u00e7elerin oda ba\u015fkanlar\u0131, siyasi parti temsilcileri&#8230;<\/p>\n","protected":false},"author":1,"featured_media":92504,"comment_status":"open","ping_status":"open","sticky":false,"template":"","format":"standard","meta":{"_crdt_document":"","footnotes":""},"categories":[1],"tags":[],"class_list":["post-92503","post","type-post","status-publish","format-standard","has-post-thumbnail","hentry","category-guncel"],"_links":{"self":[{"href":"https:\/\/www.egemtv.com\/index.php?rest_route=\/wp\/v2\/posts\/92503","targetHints":{"allow":["GET"]}}],"collection":[{"href":"https:\/\/www.egemtv.com\/index.php?rest_route=\/wp\/v2\/posts"}],"about":[{"href":"https:\/\/www.egemtv.com\/index.php?rest_route=\/wp\/v2\/types\/post"}],"author":[{"embeddable":true,"href":"https:\/\/www.egemtv.com\/index.php?rest_route=\/wp\/v2\/users\/1"}],"replies":[{"embeddable":true,"href":"https:\/\/www.egemtv.com\/index.php?rest_route=%2Fwp%2Fv2%2Fcomments&post=92503"}],"version-history":[{"count":1,"href":"https:\/\/www.egemtv.com\/index.php?rest_route=\/wp\/v2\/posts\/92503\/revisions"}],"predecessor-version":[{"id":92505,"href":"https:\/\/www.egemtv.com\/index.php?rest_route=\/wp\/v2\/posts\/92503\/revisions\/92505"}],"wp:featuredmedia":[{"embeddable":true,"href":"https:\/\/www.egemtv.com\/index.php?rest_route=\/wp\/v2\/media\/92504"}],"wp:attachment":[{"href":"https:\/\/www.egemtv.com\/index.php?rest_route=%2Fwp%2Fv2%2Fmedia&parent=92503"}],"wp:term":[{"taxonomy":"category","embeddable":true,"href":"https:\/\/www.egemtv.com\/index.php?rest_route=%2Fwp%2Fv2%2Fcategories&post=92503"},{"taxonomy":"post_tag","embeddable":true,"href":"https:\/\/www.egemtv.com\/index.php?rest_route=%2Fwp%2Fv2%2Ftags&post=92503"}],"curies":[{"name":"wp","href":"https:\/\/api.w.org\/{rel}","templated":true}]}}