{"id":92482,"date":"2026-03-07T11:15:42","date_gmt":"2026-03-07T08:15:42","guid":{"rendered":"https:\/\/www.egemtv.com\/?p=92482"},"modified":"2026-03-07T11:15:44","modified_gmt":"2026-03-07T08:15:44","slug":"hapis-cezasiyla-araniyordu-jandarmadan-kacamadi","status":"publish","type":"post","link":"https:\/\/www.egemtv.com\/?p=92482","title":{"rendered":"Hapis cezas\u0131yla aran\u0131yordu jandarmadan ka\u00e7amad\u0131"},"content":{"rendered":"<p>Ayd\u0131n\u2019\u0131n Efeler il\u00e7esinde h\u0131rs\u0131zl\u0131k su\u00e7undan 5 y\u0131l hapis cezas\u0131yla aranan \u015fah\u0131s jandarmadan ka\u00e7amad\u0131.<br \/>\n<br \/>Ayd\u0131n \u0130l Jandarma Komutanl\u0131\u011f\u0131 Efeler \u0130l\u00e7e Jandarma Komutanl\u0131\u011f\u0131 ekiplerince aranan \u015fah\u0131slar\u0131n yakalanmas\u0131na y\u00f6nelik \u00e7al\u0131\u015fma ger\u00e7ekle\u015ftirildi. Edinilen bilgiye g\u00f6re Efeler\u2019de \u2019Bili\u015fim Sistemlerinin Kullan\u0131lmas\u0131 Suretiyle H\u0131rs\u0131zl\u0131k\u2019 su\u00e7undan aranan ve hakk\u0131nda 5 y\u0131l 2 ay 15 g\u00fcn kesinle\u015fmi\u015f hapis cezas\u0131 bulunan V.A. (30) isimli \u015fah\u0131s, ger\u00e7ekle\u015ftirilen \u00e7al\u0131\u015fma sonucu yakaland\u0131. Yakalanan \u015fah\u0131s, i\u015flemlerinin ard\u0131ndan cezevine teslim edildi.<br \/><\/p>\n","protected":false},"excerpt":{"rendered":"<p>Ayd\u0131n\u2019\u0131n Efeler il\u00e7esinde h\u0131rs\u0131zl\u0131k su\u00e7undan 5 y\u0131l hapis cezas\u0131yla aranan \u015fah\u0131s jandarmadan ka\u00e7amad\u0131. Ayd\u0131n \u0130l Jandarma Komutanl\u0131\u011f\u0131 Efeler \u0130l\u00e7e Jandarma Komutanl\u0131\u011f\u0131 ekiplerince aranan \u015fah\u0131slar\u0131n yakalanmas\u0131na y\u00f6nelik \u00e7al\u0131\u015fma ger\u00e7ekle\u015ftirildi. Edinilen bilgiye g\u00f6re Efeler\u2019de \u2019Bili\u015fim Sistemlerinin Kullan\u0131lmas\u0131 Suretiyle H\u0131rs\u0131zl\u0131k\u2019 su\u00e7undan aranan ve hakk\u0131nda 5 y\u0131l 2 ay 15 g\u00fcn kesinle\u015fmi\u015f hapis cezas\u0131 bulunan V.A. (30) isimli \u015fah\u0131s,&#8230;<\/p>\n","protected":false},"author":1,"featured_media":92483,"comment_status":"open","ping_status":"open","sticky":false,"template":"","format":"standard","meta":{"_crdt_document":"","footnotes":""},"categories":[5],"tags":[],"class_list":["post-92482","post","type-post","status-publish","format-standard","has-post-thumbnail","hentry","category-asayis"],"_links":{"self":[{"href":"https:\/\/www.egemtv.com\/index.php?rest_route=\/wp\/v2\/posts\/92482","targetHints":{"allow":["GET"]}}],"collection":[{"href":"https:\/\/www.egemtv.com\/index.php?rest_route=\/wp\/v2\/posts"}],"about":[{"href":"https:\/\/www.egemtv.com\/index.php?rest_route=\/wp\/v2\/types\/post"}],"author":[{"embeddable":true,"href":"https:\/\/www.egemtv.com\/index.php?rest_route=\/wp\/v2\/users\/1"}],"replies":[{"embeddable":true,"href":"https:\/\/www.egemtv.com\/index.php?rest_route=%2Fwp%2Fv2%2Fcomments&post=92482"}],"version-history":[{"count":1,"href":"https:\/\/www.egemtv.com\/index.php?rest_route=\/wp\/v2\/posts\/92482\/revisions"}],"predecessor-version":[{"id":92484,"href":"https:\/\/www.egemtv.com\/index.php?rest_route=\/wp\/v2\/posts\/92482\/revisions\/92484"}],"wp:featuredmedia":[{"embeddable":true,"href":"https:\/\/www.egemtv.com\/index.php?rest_route=\/wp\/v2\/media\/92483"}],"wp:attachment":[{"href":"https:\/\/www.egemtv.com\/index.php?rest_route=%2Fwp%2Fv2%2Fmedia&parent=92482"}],"wp:term":[{"taxonomy":"category","embeddable":true,"href":"https:\/\/www.egemtv.com\/index.php?rest_route=%2Fwp%2Fv2%2Fcategories&post=92482"},{"taxonomy":"post_tag","embeddable":true,"href":"https:\/\/www.egemtv.com\/index.php?rest_route=%2Fwp%2Fv2%2Ftags&post=92482"}],"curies":[{"name":"wp","href":"https:\/\/api.w.org\/{rel}","templated":true}]}}