{"id":92479,"date":"2026-03-07T11:15:41","date_gmt":"2026-03-07T08:15:41","guid":{"rendered":"https:\/\/www.egemtv.com\/?p=92479"},"modified":"2026-03-07T11:15:42","modified_gmt":"2026-03-07T08:15:42","slug":"fuhusa-tesvik-sucundan-aranan-sahis-nazillide-yakalandi","status":"publish","type":"post","link":"https:\/\/www.egemtv.com\/?p=92479","title":{"rendered":"Fuhu\u015fa te\u015fvik su\u00e7undan aranan \u015fah\u0131s Nazilli\u2019de yakaland\u0131"},"content":{"rendered":"<p>Ayd\u0131n\u2019\u0131n Nazilli il\u00e7esinde fuhu\u015fa te\u015fvik su\u00e7undan 11 y\u0131l 2 ay hapis cezas\u0131yla aranan \u015fah\u0131s jandarma ekiplerince yakaland\u0131.<br \/>\n<br \/>Ayd\u0131n \u0130l Jandarma Komutanl\u0131\u011f\u0131 koordinesinde fuhu\u015fa te\u015fvik su\u00e7lar\u0131ndan aranan \u015fah\u0131slar\u0131n yakalanmas\u0131na y\u00f6nelik \u00e7al\u0131\u015fma ger\u00e7ekle\u015ftirildi. Edinilen bilgiye g\u00f6re yap\u0131lan \u00e7al\u0131\u015fmalar neticesinde, &#8220;Bir Kimseyi Fuhu\u015fa Te\u015fvik Etmek veya Yapt\u0131rmak veya Arac\u0131l\u0131k Etmek veya Yer Temin Etmek&#8221; su\u00e7undan 11 y\u0131l 2 ay hapis cezas\u0131yla aranan D.\u00d6. (55) isimli \u015fahs\u0131n Nazilli il\u00e7e merkezinde bir m\u00fcstakil evde sakland\u0131\u011f\u0131 tespit edildi. Gerekli g\u00fcvenlik tedbirlerinin al\u0131nmas\u0131n\u0131n ard\u0131ndan ger\u00e7ekle\u015ftirilen \u00e7al\u0131\u015fma sonucunda \u015fah\u0131s yakalanarak g\u00f6zalt\u0131na al\u0131nd\u0131. H\u00fck\u00fcml\u00fc, i\u015flemlerinin tamamlanmas\u0131n\u0131n ard\u0131ndan cezaevine teslim edildi.<br \/><\/p>\n","protected":false},"excerpt":{"rendered":"<p>Ayd\u0131n\u2019\u0131n Nazilli il\u00e7esinde fuhu\u015fa te\u015fvik su\u00e7undan 11 y\u0131l 2 ay hapis cezas\u0131yla aranan \u015fah\u0131s jandarma ekiplerince yakaland\u0131. Ayd\u0131n \u0130l Jandarma Komutanl\u0131\u011f\u0131 koordinesinde fuhu\u015fa te\u015fvik su\u00e7lar\u0131ndan aranan \u015fah\u0131slar\u0131n yakalanmas\u0131na y\u00f6nelik \u00e7al\u0131\u015fma ger\u00e7ekle\u015ftirildi. Edinilen bilgiye g\u00f6re yap\u0131lan \u00e7al\u0131\u015fmalar neticesinde, &#8220;Bir Kimseyi Fuhu\u015fa Te\u015fvik Etmek veya Yapt\u0131rmak veya Arac\u0131l\u0131k Etmek veya Yer Temin Etmek&#8221; su\u00e7undan 11 y\u0131l 2&#8230;<\/p>\n","protected":false},"author":1,"featured_media":92480,"comment_status":"open","ping_status":"open","sticky":false,"template":"","format":"standard","meta":{"_crdt_document":"","footnotes":""},"categories":[5],"tags":[],"class_list":["post-92479","post","type-post","status-publish","format-standard","has-post-thumbnail","hentry","category-asayis"],"_links":{"self":[{"href":"https:\/\/www.egemtv.com\/index.php?rest_route=\/wp\/v2\/posts\/92479","targetHints":{"allow":["GET"]}}],"collection":[{"href":"https:\/\/www.egemtv.com\/index.php?rest_route=\/wp\/v2\/posts"}],"about":[{"href":"https:\/\/www.egemtv.com\/index.php?rest_route=\/wp\/v2\/types\/post"}],"author":[{"embeddable":true,"href":"https:\/\/www.egemtv.com\/index.php?rest_route=\/wp\/v2\/users\/1"}],"replies":[{"embeddable":true,"href":"https:\/\/www.egemtv.com\/index.php?rest_route=%2Fwp%2Fv2%2Fcomments&post=92479"}],"version-history":[{"count":1,"href":"https:\/\/www.egemtv.com\/index.php?rest_route=\/wp\/v2\/posts\/92479\/revisions"}],"predecessor-version":[{"id":92481,"href":"https:\/\/www.egemtv.com\/index.php?rest_route=\/wp\/v2\/posts\/92479\/revisions\/92481"}],"wp:featuredmedia":[{"embeddable":true,"href":"https:\/\/www.egemtv.com\/index.php?rest_route=\/wp\/v2\/media\/92480"}],"wp:attachment":[{"href":"https:\/\/www.egemtv.com\/index.php?rest_route=%2Fwp%2Fv2%2Fmedia&parent=92479"}],"wp:term":[{"taxonomy":"category","embeddable":true,"href":"https:\/\/www.egemtv.com\/index.php?rest_route=%2Fwp%2Fv2%2Fcategories&post=92479"},{"taxonomy":"post_tag","embeddable":true,"href":"https:\/\/www.egemtv.com\/index.php?rest_route=%2Fwp%2Fv2%2Ftags&post=92479"}],"curies":[{"name":"wp","href":"https:\/\/api.w.org\/{rel}","templated":true}]}}