{"id":92476,"date":"2026-03-07T10:54:58","date_gmt":"2026-03-07T07:54:58","guid":{"rendered":"https:\/\/www.egemtv.com\/?p=92476"},"modified":"2026-03-07T10:54:59","modified_gmt":"2026-03-07T07:54:59","slug":"emsav-mugla-il-baskanligi-torenle-hizmete-acildi","status":"publish","type":"post","link":"https:\/\/www.egemtv.com\/?p=92476","title":{"rendered":"EM\u015eAV Mu\u011fla \u0130l Ba\u015fkanl\u0131\u011f\u0131 t\u00f6renle hizmete a\u00e7\u0131ld\u0131"},"content":{"rendered":"<p>Mu\u011fla\u2019da, Emniyet Te\u015fkilat\u0131 Vazife Malul\u00fc ve \u015eehit Aileleri Vakf\u0131 (EM\u015eAV) \u0130l Ba\u015fkanl\u0131\u011f\u0131, d\u00fczenlenen t\u00f6renle kap\u0131lar\u0131n\u0131 a\u00e7t\u0131. \u015eehit aileleri ve gazilerin bir araya geldi\u011fi t\u00f6rende birlik ve beraberlik mesajlar\u0131 verildi.<\/p>\n<p>Emniyet Te\u015fkilat\u0131 mensuplar\u0131ndan \u015fehit olanlar\u0131n emanetlerine sahip \u00e7\u0131kmak ve gazilere destek olmak amac\u0131yla faaliyet g\u00f6steren EM\u015eAV, Mu\u011fla\u2019daki yeni hizmet binas\u0131n\u0131n a\u00e7\u0131l\u0131\u015f\u0131n\u0131 ger\u00e7ekle\u015ftirdi. A\u00e7\u0131l\u0131\u015f t\u00f6renine devlet erkan\u0131 ve sivil toplum kurulu\u015fu temsilcileri b\u00fcy\u00fck ilgi g\u00f6sterdi. T\u00f6rene; Mu\u011fla Vali Yard\u0131mc\u0131s\u0131 Murat Sar\u0131, Mu\u011fla \u0130l Emniyet M\u00fcd\u00fcr\u00fc S\u00fcleyman Karadeniz, Mu\u011fla B\u00fcy\u00fck\u015fehir Belediye Ba\u015fkan\u0131 Ahmet Aras, Mu\u011fla \u0130l M\u00fcft\u00fcs\u00fc R\u00fcstem Can, Mu\u011fla \u015eehit Aileleri Yard\u0131mla\u015fma ve Dayan\u0131\u015fma Derne\u011fi Ba\u015fkan\u0131 S\u00fcleyman Ta\u015fkesen ve Mu\u011fla Aile ve Sosyal Hizmetler \u0130l M\u00fcd\u00fcr\u00fc Yakup K\u00fct\u00fck kat\u0131ld\u0131.<\/p>\n<p>T\u00f6rende konu\u015fan Mu\u011fla Vali Yard\u0131mc\u0131s\u0131 Murat Sar\u0131, vatan savunmas\u0131nda can\u0131n\u0131 feda eden kahramanlar\u0131n hat\u0131ras\u0131na vurgu yaparak &#8220;Vatan ve millet sevgisiyle, mesai mefhumu g\u00f6zetmeksizin can\u0131 pahas\u0131na fedakarca \u00e7al\u0131\u015fan t\u00fcm g\u00fcvenlik g\u00fc\u00e7lerimizi gururla yad ediyoruz. Kutsal vatan u\u011fruna canlar\u0131n\u0131 feda eden t\u00fcm \u015fehitlerimizi rahmetle an\u0131yorum. Onlar\u0131n ve kahraman gazilerimizin fedakarl\u0131\u011f\u0131n\u0131 ifade etmeye kelimeler yetmez. Aziz \u015fehitlerimizin k\u0131ymetli aileleri bizlere emanettir ve ba\u015f\u0131m\u0131z\u0131n tac\u0131d\u0131r&#8221; dedi. Vali Yard\u0131mc\u0131s\u0131 Sar\u0131, konu\u015fman\u0131n devam\u0131nda, \u00fclkede huzur ve g\u00fcven ortam\u0131n\u0131 sa\u011flayan t\u00fcm emniyet mensuplar\u0131na te\u015fekk\u00fcr ederek, yeni temsilcili\u011fin hay\u0131rl\u0131 hizmetlere vesile olmas\u0131 temenni etti.<\/p>\n<p>Mu\u011fla \u0130l M\u00fcft\u00fcs\u00fc R\u00fcstem Can taraf\u0131ndan okunan dualar\u0131n ard\u0131ndan, protokol \u00fcyeleri &#8220;Hay\u0131rl\u0131 olsun&#8221; dilekleriyle a\u00e7\u0131l\u0131\u015f kurdelesini kesti. T\u00f6ren, kat\u0131l\u0131mc\u0131lar\u0131n g\u00fcn\u00fcn an\u0131s\u0131na \u00e7ektirdi\u011fi toplu foto\u011fraf\u0131n ard\u0131ndan sona erdi.<br \/><\/p>\n","protected":false},"excerpt":{"rendered":"<p>Mu\u011fla\u2019da, Emniyet Te\u015fkilat\u0131 Vazife Malul\u00fc ve \u015eehit Aileleri Vakf\u0131 (EM\u015eAV) \u0130l Ba\u015fkanl\u0131\u011f\u0131, d\u00fczenlenen t\u00f6renle kap\u0131lar\u0131n\u0131 a\u00e7t\u0131. \u015eehit aileleri ve gazilerin bir araya geldi\u011fi t\u00f6rende birlik ve beraberlik mesajlar\u0131 verildi. Emniyet Te\u015fkilat\u0131 mensuplar\u0131ndan \u015fehit olanlar\u0131n emanetlerine sahip \u00e7\u0131kmak ve gazilere destek olmak amac\u0131yla faaliyet g\u00f6steren EM\u015eAV, Mu\u011fla\u2019daki yeni hizmet binas\u0131n\u0131n a\u00e7\u0131l\u0131\u015f\u0131n\u0131 ger\u00e7ekle\u015ftirdi. A\u00e7\u0131l\u0131\u015f t\u00f6renine devlet erkan\u0131&#8230;<\/p>\n","protected":false},"author":1,"featured_media":92477,"comment_status":"open","ping_status":"open","sticky":false,"template":"","format":"standard","meta":{"_crdt_document":"","footnotes":""},"categories":[1],"tags":[],"class_list":["post-92476","post","type-post","status-publish","format-standard","has-post-thumbnail","hentry","category-guncel"],"_links":{"self":[{"href":"https:\/\/www.egemtv.com\/index.php?rest_route=\/wp\/v2\/posts\/92476","targetHints":{"allow":["GET"]}}],"collection":[{"href":"https:\/\/www.egemtv.com\/index.php?rest_route=\/wp\/v2\/posts"}],"about":[{"href":"https:\/\/www.egemtv.com\/index.php?rest_route=\/wp\/v2\/types\/post"}],"author":[{"embeddable":true,"href":"https:\/\/www.egemtv.com\/index.php?rest_route=\/wp\/v2\/users\/1"}],"replies":[{"embeddable":true,"href":"https:\/\/www.egemtv.com\/index.php?rest_route=%2Fwp%2Fv2%2Fcomments&post=92476"}],"version-history":[{"count":1,"href":"https:\/\/www.egemtv.com\/index.php?rest_route=\/wp\/v2\/posts\/92476\/revisions"}],"predecessor-version":[{"id":92478,"href":"https:\/\/www.egemtv.com\/index.php?rest_route=\/wp\/v2\/posts\/92476\/revisions\/92478"}],"wp:featuredmedia":[{"embeddable":true,"href":"https:\/\/www.egemtv.com\/index.php?rest_route=\/wp\/v2\/media\/92477"}],"wp:attachment":[{"href":"https:\/\/www.egemtv.com\/index.php?rest_route=%2Fwp%2Fv2%2Fmedia&parent=92476"}],"wp:term":[{"taxonomy":"category","embeddable":true,"href":"https:\/\/www.egemtv.com\/index.php?rest_route=%2Fwp%2Fv2%2Fcategories&post=92476"},{"taxonomy":"post_tag","embeddable":true,"href":"https:\/\/www.egemtv.com\/index.php?rest_route=%2Fwp%2Fv2%2Ftags&post=92476"}],"curies":[{"name":"wp","href":"https:\/\/api.w.org\/{rel}","templated":true}]}}