{"id":92473,"date":"2026-03-07T10:54:55","date_gmt":"2026-03-07T07:54:55","guid":{"rendered":"https:\/\/www.egemtv.com\/?p=92473"},"modified":"2026-03-07T10:54:57","modified_gmt":"2026-03-07T07:54:57","slug":"cinede-55-bin-adet-kacak-makaron-ele-gecirildi","status":"publish","type":"post","link":"https:\/\/www.egemtv.com\/?p=92473","title":{"rendered":"\u00c7ine\u2019de 55 bin adet ka\u00e7ak makaron ele ge\u00e7irildi"},"content":{"rendered":"<p>Ayd\u0131n\u2019\u0131n \u00c7ine il\u00e7esi giri\u015finde durdurulan bir ara\u00e7tan 55 bin adet t\u00fct\u00fcn doldurulmu\u015f makaron ele ge\u00e7irildi.<br \/>\n<br \/>Ayd\u0131n \u0130l Jandarma Komutanl\u0131\u011f\u0131 KOM \u015eube M\u00fcd\u00fcrl\u00fc\u011f\u00fc ve \u00c7ine \u0130l\u00e7e Jandarma Komutanl\u0131\u011f\u0131 ekiplerince y\u00fcr\u00fct\u00fclen \u00e7al\u0131\u015fmalar kapsam\u0131nda operasyon d\u00fczenlendi. Edinilen bilgiye g\u00f6re yap\u0131lan \u00e7al\u0131\u015fmalar sonucunda K.\u00d6. (45) isimli \u015fahs\u0131n Efeler il\u00e7esinden temin etti\u011fi ka\u00e7ak sigaralar\u0131 \u00c7ine il\u00e7esine sevk etti\u011fi tespit edildi. Harekete ge\u00e7en jandarma ekipleri, \u015f\u00fcpheliyi \u00c7ine il\u00e7esi giri\u015finde durdurdu. Ara\u00e7ta yap\u0131lan aramada 55 bin adet i\u00e7i t\u00fct\u00fcn doldurulmu\u015f makaron ele ge\u00e7irildi. \u015e\u00fcpheli hakk\u0131nda adli i\u015flemler ba\u015flat\u0131l\u0131rken olayla ilgili soru\u015fturman\u0131n s\u00fcrd\u00fc\u011f\u00fc \u00f6\u011frenildi.<br \/><\/p>\n","protected":false},"excerpt":{"rendered":"<p>Ayd\u0131n\u2019\u0131n \u00c7ine il\u00e7esi giri\u015finde durdurulan bir ara\u00e7tan 55 bin adet t\u00fct\u00fcn doldurulmu\u015f makaron ele ge\u00e7irildi. Ayd\u0131n \u0130l Jandarma Komutanl\u0131\u011f\u0131 KOM \u015eube M\u00fcd\u00fcrl\u00fc\u011f\u00fc ve \u00c7ine \u0130l\u00e7e Jandarma Komutanl\u0131\u011f\u0131 ekiplerince y\u00fcr\u00fct\u00fclen \u00e7al\u0131\u015fmalar kapsam\u0131nda operasyon d\u00fczenlendi. Edinilen bilgiye g\u00f6re yap\u0131lan \u00e7al\u0131\u015fmalar sonucunda K.\u00d6. (45) isimli \u015fahs\u0131n Efeler il\u00e7esinden temin etti\u011fi ka\u00e7ak sigaralar\u0131 \u00c7ine il\u00e7esine sevk etti\u011fi tespit edildi&#8230;.<\/p>\n","protected":false},"author":1,"featured_media":92474,"comment_status":"open","ping_status":"open","sticky":false,"template":"","format":"standard","meta":{"_crdt_document":"","footnotes":""},"categories":[5],"tags":[],"class_list":["post-92473","post","type-post","status-publish","format-standard","has-post-thumbnail","hentry","category-asayis"],"_links":{"self":[{"href":"https:\/\/www.egemtv.com\/index.php?rest_route=\/wp\/v2\/posts\/92473","targetHints":{"allow":["GET"]}}],"collection":[{"href":"https:\/\/www.egemtv.com\/index.php?rest_route=\/wp\/v2\/posts"}],"about":[{"href":"https:\/\/www.egemtv.com\/index.php?rest_route=\/wp\/v2\/types\/post"}],"author":[{"embeddable":true,"href":"https:\/\/www.egemtv.com\/index.php?rest_route=\/wp\/v2\/users\/1"}],"replies":[{"embeddable":true,"href":"https:\/\/www.egemtv.com\/index.php?rest_route=%2Fwp%2Fv2%2Fcomments&post=92473"}],"version-history":[{"count":1,"href":"https:\/\/www.egemtv.com\/index.php?rest_route=\/wp\/v2\/posts\/92473\/revisions"}],"predecessor-version":[{"id":92475,"href":"https:\/\/www.egemtv.com\/index.php?rest_route=\/wp\/v2\/posts\/92473\/revisions\/92475"}],"wp:featuredmedia":[{"embeddable":true,"href":"https:\/\/www.egemtv.com\/index.php?rest_route=\/wp\/v2\/media\/92474"}],"wp:attachment":[{"href":"https:\/\/www.egemtv.com\/index.php?rest_route=%2Fwp%2Fv2%2Fmedia&parent=92473"}],"wp:term":[{"taxonomy":"category","embeddable":true,"href":"https:\/\/www.egemtv.com\/index.php?rest_route=%2Fwp%2Fv2%2Fcategories&post=92473"},{"taxonomy":"post_tag","embeddable":true,"href":"https:\/\/www.egemtv.com\/index.php?rest_route=%2Fwp%2Fv2%2Ftags&post=92473"}],"curies":[{"name":"wp","href":"https:\/\/api.w.org\/{rel}","templated":true}]}}