{"id":92470,"date":"2026-03-07T10:54:54","date_gmt":"2026-03-07T07:54:54","guid":{"rendered":"https:\/\/www.egemtv.com\/?p=92470"},"modified":"2026-03-07T10:54:55","modified_gmt":"2026-03-07T07:54:55","slug":"baskan-guler-cocuklarimizin-yuzlerindeki-tebessum-bizim-icin-cok-kiymetli","status":"publish","type":"post","link":"https:\/\/www.egemtv.com\/?p=92470","title":{"rendered":"Ba\u015fkan G\u00fcler: &#8220;\u00c7ocuklar\u0131m\u0131z\u0131n y\u00fczlerindeki tebess\u00fcm bizim i\u00e7in \u00e7ok k\u0131ymetli&#8221;"},"content":{"rendered":"<p>Ayd\u0131n B\u00fcy\u00fck\u015fehir Belediyesi \u015eehir Tiyatrolar\u0131 taraf\u0131ndan K\u00f6\u015fk\u2019te sahnelenen &#8220;M\u00fczisyenler \u00c7etesi&#8221; adl\u0131 tiyatro oyununda, \u00e7ocuklarla bir araya gelen K\u00f6\u015fk Belediye Ba\u015fkan\u0131 Nuri G\u00fcler; &#8220;\u00c7ocuklar\u0131m\u0131z\u0131n y\u00fczlerindeki tebess\u00fcm bizim i\u00e7in \u00e7ok k\u0131ymetli&#8221; dedi.<br \/>\n<br \/>Ayd\u0131n B\u00fcy\u00fck\u015fehir Belediyesi \u015eehir Tiyatrolar\u0131 taraf\u0131ndan K\u00f6\u015fk il\u00e7esinde &#8220;M\u00fczisyenler \u00c7etesi&#8221; adl\u0131 tiyatro oyunu sahnelendi. Renkli g\u00f6r\u00fcnt\u00fclerin \u00e7\u0131kt\u0131\u011f\u0131 etkinlikte \u00e7ocuklar ile bir araya gelen K\u00f6\u015fk Belediye Ba\u015fkan\u0131 Nuri G\u00fcler ise \u00e7ocuklar\u0131n sanatla bulu\u015fmas\u0131n\u0131n \u00f6nemine dikkat \u00e7ekti. K\u00f6\u015fk Belediyesi\u2019nde sahnelenen oyuna kat\u0131lan \u00f6\u011frenciler keyifli anlar ya\u015farken, etkinli\u011fe ili\u015fkin de\u011ferlendirmede bulunan K\u00f6\u015fk Belediye Ba\u015fkan\u0131 Nuri G\u00fcler; &#8220;Ayd\u0131n B\u00fcy\u00fck\u015fehir Belediyesi \u015eehir Tiyatrolar\u0131 taraf\u0131ndan Belediyemizde sahnelenen \u2019M\u00fczisyenler \u00c7etesi\u2019 adl\u0131 tiyatro oyununda, gelece\u011fimizin teminat\u0131 olan \u00e7ocuklar\u0131m\u0131zla bulu\u015fman\u0131n mutlulu\u011funu ya\u015fad\u0131k. \u00c7ocuklar\u0131m\u0131z\u0131n y\u00fczlerindeki tebess\u00fcm ve salondaki co\u015fku, bu anlaml\u0131 ak\u015fam\u0131 daha da k\u0131ymetli hale getirdi. Bu g\u00fczel etkinli\u011fin il\u00e7emizde ger\u00e7ekle\u015fmesine katk\u0131 sa\u011flayan Ayd\u0131n B\u00fcy\u00fck\u015fehir Belediye Ba\u015fkan\u0131m\u0131z \u00d6zlem \u00c7er\u00e7io\u011flu\u2019na, K\u00fclt\u00fcr, Sanat ve Sosyal \u0130\u015fler Daire Ba\u015fkanl\u0131\u011f\u0131 \u015eehir Tiyatrolar\u0131 \u015eube M\u00fcd\u00fcr\u00fc Vekili Hulusi Alt\u0131nta\u015f\u2019a ve oyunda sahne alan k\u0131ymetli oyuncular\u0131m\u0131za te\u015fekk\u00fcr ediyorum. \u00c7ocuklar\u0131m\u0131z\u0131n sanat, k\u00fclt\u00fcr ve tiyatro ile bulu\u015ftu\u011fu nice g\u00fczel etkinliklerde bir araya gelmeyi temenni ediyorum&#8221; dedi.<br \/><\/p>\n","protected":false},"excerpt":{"rendered":"<p>Ayd\u0131n B\u00fcy\u00fck\u015fehir Belediyesi \u015eehir Tiyatrolar\u0131 taraf\u0131ndan K\u00f6\u015fk\u2019te sahnelenen &#8220;M\u00fczisyenler \u00c7etesi&#8221; adl\u0131 tiyatro oyununda, \u00e7ocuklarla bir araya gelen K\u00f6\u015fk Belediye Ba\u015fkan\u0131 Nuri G\u00fcler; &#8220;\u00c7ocuklar\u0131m\u0131z\u0131n y\u00fczlerindeki tebess\u00fcm bizim i\u00e7in \u00e7ok k\u0131ymetli&#8221; dedi. Ayd\u0131n B\u00fcy\u00fck\u015fehir Belediyesi \u015eehir Tiyatrolar\u0131 taraf\u0131ndan K\u00f6\u015fk il\u00e7esinde &#8220;M\u00fczisyenler \u00c7etesi&#8221; adl\u0131 tiyatro oyunu sahnelendi. Renkli g\u00f6r\u00fcnt\u00fclerin \u00e7\u0131kt\u0131\u011f\u0131 etkinlikte \u00e7ocuklar ile bir araya gelen K\u00f6\u015fk Belediye&#8230;<\/p>\n","protected":false},"author":1,"featured_media":92471,"comment_status":"open","ping_status":"open","sticky":false,"template":"","format":"standard","meta":{"_crdt_document":"","footnotes":""},"categories":[1],"tags":[],"class_list":["post-92470","post","type-post","status-publish","format-standard","has-post-thumbnail","hentry","category-guncel"],"_links":{"self":[{"href":"https:\/\/www.egemtv.com\/index.php?rest_route=\/wp\/v2\/posts\/92470","targetHints":{"allow":["GET"]}}],"collection":[{"href":"https:\/\/www.egemtv.com\/index.php?rest_route=\/wp\/v2\/posts"}],"about":[{"href":"https:\/\/www.egemtv.com\/index.php?rest_route=\/wp\/v2\/types\/post"}],"author":[{"embeddable":true,"href":"https:\/\/www.egemtv.com\/index.php?rest_route=\/wp\/v2\/users\/1"}],"replies":[{"embeddable":true,"href":"https:\/\/www.egemtv.com\/index.php?rest_route=%2Fwp%2Fv2%2Fcomments&post=92470"}],"version-history":[{"count":1,"href":"https:\/\/www.egemtv.com\/index.php?rest_route=\/wp\/v2\/posts\/92470\/revisions"}],"predecessor-version":[{"id":92472,"href":"https:\/\/www.egemtv.com\/index.php?rest_route=\/wp\/v2\/posts\/92470\/revisions\/92472"}],"wp:featuredmedia":[{"embeddable":true,"href":"https:\/\/www.egemtv.com\/index.php?rest_route=\/wp\/v2\/media\/92471"}],"wp:attachment":[{"href":"https:\/\/www.egemtv.com\/index.php?rest_route=%2Fwp%2Fv2%2Fmedia&parent=92470"}],"wp:term":[{"taxonomy":"category","embeddable":true,"href":"https:\/\/www.egemtv.com\/index.php?rest_route=%2Fwp%2Fv2%2Fcategories&post=92470"},{"taxonomy":"post_tag","embeddable":true,"href":"https:\/\/www.egemtv.com\/index.php?rest_route=%2Fwp%2Fv2%2Ftags&post=92470"}],"curies":[{"name":"wp","href":"https:\/\/api.w.org\/{rel}","templated":true}]}}