{"id":92464,"date":"2026-03-07T10:54:52","date_gmt":"2026-03-07T07:54:52","guid":{"rendered":"https:\/\/www.egemtv.com\/?p=92464"},"modified":"2026-03-07T10:54:52","modified_gmt":"2026-03-07T07:54:52","slug":"salihlide-oksuz-ve-yetimler-icin-gonulleri-isitan-iftar","status":"publish","type":"post","link":"https:\/\/www.egemtv.com\/?p=92464","title":{"rendered":"Salihli\u2019de \u00f6ks\u00fcz ve yetimler i\u00e7in g\u00f6n\u00fclleri \u0131s\u0131tan iftar"},"content":{"rendered":"<p>Manisa\u2019n\u0131n Salihli il\u00e7esinde Kaymakaml\u0131k \u00f6nc\u00fcl\u00fc\u011f\u00fcnde \u00f6ks\u00fcz ve yetim \u00e7ocuklar i\u00e7in anlaml\u0131 bir iftar program\u0131 d\u00fczenlendi.<br \/>\n<br \/>Salihli Kaymakaml\u0131\u011f\u0131 \u00f6nc\u00fcl\u00fc\u011f\u00fcnde, Salihli Sosyal Hizmet Merkezi M\u00fcd\u00fcrl\u00fc\u011f\u00fc ger\u00e7ekle\u015ftirilen programda il\u00e7edeki \u00f6ks\u00fcz ve yetim \u00e7ocuklar ile aileleri ayn\u0131 sofrada bulu\u015ftu. Payla\u015fma, dayan\u0131\u015fma ve karde\u015flik duygular\u0131n\u0131n \u00f6n planda oldu\u011fu gecede davetliler, Ramazan ay\u0131n\u0131n manevi atmosferini birlikte ya\u015fad\u0131.<br \/>\n<br \/>Programda Ali G\u00fcldo\u011fan, \u00e7ocuklar ve aileleriyle yak\u0131ndan ilgilenerek Ramazan aylar\u0131n\u0131 tebrik etti. \u00c7ocuklarla sohbet eden Kaymakam G\u00fcldo\u011fan, ailelere de iyi dileklerini iletti.<br \/>\n<br \/>Programda konu\u015fan Kaymakam G\u00fcldo\u011fan, Ramazan ay\u0131n\u0131n manevi atmosferinde ger\u00e7ekle\u015ftirilen bu bulu\u015fman\u0131n toplumda payla\u015fma ve dayan\u0131\u015fma k\u00fclt\u00fcr\u00fcn\u00fc g\u00fc\u00e7lendirdi\u011fini belirterek, devletin her zaman \u00e7ocuklar\u0131n ve ailelerinin yan\u0131nda oldu\u011funu ifade etti.<br \/><\/p>\n","protected":false},"excerpt":{"rendered":"<p>Manisa\u2019n\u0131n Salihli il\u00e7esinde Kaymakaml\u0131k \u00f6nc\u00fcl\u00fc\u011f\u00fcnde \u00f6ks\u00fcz ve yetim \u00e7ocuklar i\u00e7in anlaml\u0131 bir iftar program\u0131 d\u00fczenlendi. Salihli Kaymakaml\u0131\u011f\u0131 \u00f6nc\u00fcl\u00fc\u011f\u00fcnde, Salihli Sosyal Hizmet Merkezi M\u00fcd\u00fcrl\u00fc\u011f\u00fc ger\u00e7ekle\u015ftirilen programda il\u00e7edeki \u00f6ks\u00fcz ve yetim \u00e7ocuklar ile aileleri ayn\u0131 sofrada bulu\u015ftu. Payla\u015fma, dayan\u0131\u015fma ve karde\u015flik duygular\u0131n\u0131n \u00f6n planda oldu\u011fu gecede davetliler, Ramazan ay\u0131n\u0131n manevi atmosferini birlikte ya\u015fad\u0131. Programda Ali G\u00fcldo\u011fan, \u00e7ocuklar&#8230;<\/p>\n","protected":false},"author":1,"featured_media":92465,"comment_status":"open","ping_status":"open","sticky":false,"template":"","format":"standard","meta":{"_crdt_document":"","footnotes":""},"categories":[123],"tags":[],"class_list":["post-92464","post","type-post","status-publish","format-standard","has-post-thumbnail","hentry","category-gundem"],"_links":{"self":[{"href":"https:\/\/www.egemtv.com\/index.php?rest_route=\/wp\/v2\/posts\/92464","targetHints":{"allow":["GET"]}}],"collection":[{"href":"https:\/\/www.egemtv.com\/index.php?rest_route=\/wp\/v2\/posts"}],"about":[{"href":"https:\/\/www.egemtv.com\/index.php?rest_route=\/wp\/v2\/types\/post"}],"author":[{"embeddable":true,"href":"https:\/\/www.egemtv.com\/index.php?rest_route=\/wp\/v2\/users\/1"}],"replies":[{"embeddable":true,"href":"https:\/\/www.egemtv.com\/index.php?rest_route=%2Fwp%2Fv2%2Fcomments&post=92464"}],"version-history":[{"count":1,"href":"https:\/\/www.egemtv.com\/index.php?rest_route=\/wp\/v2\/posts\/92464\/revisions"}],"predecessor-version":[{"id":92466,"href":"https:\/\/www.egemtv.com\/index.php?rest_route=\/wp\/v2\/posts\/92464\/revisions\/92466"}],"wp:featuredmedia":[{"embeddable":true,"href":"https:\/\/www.egemtv.com\/index.php?rest_route=\/wp\/v2\/media\/92465"}],"wp:attachment":[{"href":"https:\/\/www.egemtv.com\/index.php?rest_route=%2Fwp%2Fv2%2Fmedia&parent=92464"}],"wp:term":[{"taxonomy":"category","embeddable":true,"href":"https:\/\/www.egemtv.com\/index.php?rest_route=%2Fwp%2Fv2%2Fcategories&post=92464"},{"taxonomy":"post_tag","embeddable":true,"href":"https:\/\/www.egemtv.com\/index.php?rest_route=%2Fwp%2Fv2%2Ftags&post=92464"}],"curies":[{"name":"wp","href":"https:\/\/api.w.org\/{rel}","templated":true}]}}