{"id":92461,"date":"2026-03-07T10:35:14","date_gmt":"2026-03-07T07:35:14","guid":{"rendered":"https:\/\/www.egemtv.com\/?p=92461"},"modified":"2026-03-07T10:35:15","modified_gmt":"2026-03-07T07:35:15","slug":"tavsanlida-ramazan-senligi-fuarinda-gida-denetimi","status":"publish","type":"post","link":"https:\/\/www.egemtv.com\/?p=92461","title":{"rendered":"Tav\u015fanl\u0131\u2019da Ramazan \u015eenli\u011fi Fuar\u0131nda g\u0131da denetimi"},"content":{"rendered":"<p>K\u00fctahya\u2019n\u0131n Tav\u015fanl\u0131 il\u00e7esinde kurulan Ramazan \u015eenli\u011fi Fuar\u0131\u2019nda g\u0131da g\u00fcvenli\u011fini sa\u011flamak amac\u0131yla \u0130l\u00e7e Tar\u0131m ve Orman M\u00fcd\u00fcrl\u00fc\u011f\u00fc ekipleri taraf\u0131ndan denetim ger\u00e7ekle\u015ftirildi.<br \/>\n<br \/>Fuar alan\u0131ndaki seyyar tezg\u00e2h ve stantlarda yap\u0131lan kontrollerde hijyen kurallar\u0131, \u00fcr\u00fcnlerin saklama \u015fartlar\u0131, etiket bilgileri ile son kullanma tarihleri incelendi.<br \/>\n<br \/>Yetkililer, vatanda\u015flar\u0131n g\u00fcvenilir ve sa\u011fl\u0131kl\u0131 g\u0131daya ula\u015fabilmesi amac\u0131yla denetimlerin aral\u0131ks\u0131z devam edece\u011fini belirtti.<br \/><\/p>\n","protected":false},"excerpt":{"rendered":"<p>K\u00fctahya\u2019n\u0131n Tav\u015fanl\u0131 il\u00e7esinde kurulan Ramazan \u015eenli\u011fi Fuar\u0131\u2019nda g\u0131da g\u00fcvenli\u011fini sa\u011flamak amac\u0131yla \u0130l\u00e7e Tar\u0131m ve Orman M\u00fcd\u00fcrl\u00fc\u011f\u00fc ekipleri taraf\u0131ndan denetim ger\u00e7ekle\u015ftirildi. Fuar alan\u0131ndaki seyyar tezg\u00e2h ve stantlarda yap\u0131lan kontrollerde hijyen kurallar\u0131, \u00fcr\u00fcnlerin saklama \u015fartlar\u0131, etiket bilgileri ile son kullanma tarihleri incelendi. Yetkililer, vatanda\u015flar\u0131n g\u00fcvenilir ve sa\u011fl\u0131kl\u0131 g\u0131daya ula\u015fabilmesi amac\u0131yla denetimlerin aral\u0131ks\u0131z devam edece\u011fini belirtti.<\/p>\n","protected":false},"author":1,"featured_media":92462,"comment_status":"open","ping_status":"open","sticky":false,"template":"","format":"standard","meta":{"_crdt_document":"","footnotes":""},"categories":[2],"tags":[],"class_list":["post-92461","post","type-post","status-publish","format-standard","has-post-thumbnail","hentry","category-saglik"],"_links":{"self":[{"href":"https:\/\/www.egemtv.com\/index.php?rest_route=\/wp\/v2\/posts\/92461","targetHints":{"allow":["GET"]}}],"collection":[{"href":"https:\/\/www.egemtv.com\/index.php?rest_route=\/wp\/v2\/posts"}],"about":[{"href":"https:\/\/www.egemtv.com\/index.php?rest_route=\/wp\/v2\/types\/post"}],"author":[{"embeddable":true,"href":"https:\/\/www.egemtv.com\/index.php?rest_route=\/wp\/v2\/users\/1"}],"replies":[{"embeddable":true,"href":"https:\/\/www.egemtv.com\/index.php?rest_route=%2Fwp%2Fv2%2Fcomments&post=92461"}],"version-history":[{"count":1,"href":"https:\/\/www.egemtv.com\/index.php?rest_route=\/wp\/v2\/posts\/92461\/revisions"}],"predecessor-version":[{"id":92463,"href":"https:\/\/www.egemtv.com\/index.php?rest_route=\/wp\/v2\/posts\/92461\/revisions\/92463"}],"wp:featuredmedia":[{"embeddable":true,"href":"https:\/\/www.egemtv.com\/index.php?rest_route=\/wp\/v2\/media\/92462"}],"wp:attachment":[{"href":"https:\/\/www.egemtv.com\/index.php?rest_route=%2Fwp%2Fv2%2Fmedia&parent=92461"}],"wp:term":[{"taxonomy":"category","embeddable":true,"href":"https:\/\/www.egemtv.com\/index.php?rest_route=%2Fwp%2Fv2%2Fcategories&post=92461"},{"taxonomy":"post_tag","embeddable":true,"href":"https:\/\/www.egemtv.com\/index.php?rest_route=%2Fwp%2Fv2%2Ftags&post=92461"}],"curies":[{"name":"wp","href":"https:\/\/api.w.org\/{rel}","templated":true}]}}