{"id":92458,"date":"2026-03-07T10:35:13","date_gmt":"2026-03-07T07:35:13","guid":{"rendered":"https:\/\/www.egemtv.com\/?p=92458"},"modified":"2026-03-07T10:35:14","modified_gmt":"2026-03-07T07:35:14","slug":"tavsanlida-kobuks-kapsaminda-sera-kontrolleri","status":"publish","type":"post","link":"https:\/\/www.egemtv.com\/?p=92458","title":{"rendered":"Tav\u015fanl\u0131\u2019da KOB\u00dcKS kapsam\u0131nda sera kontrolleri"},"content":{"rendered":"<p>K\u00fctahya\u2019n\u0131n Tav\u015fanl\u0131 il\u00e7esinde Tar\u0131m ve Orman Bakanl\u0131\u011f\u0131 taraf\u0131ndan y\u00fcr\u00fct\u00fclen Kapal\u0131 Ortamda Bitkisel \u00dcretim Kay\u0131t Sistemi (KOB\u00dcKS) kapsam\u0131nda ba\u015fvuru yapan \u00fcreticilere ait sera alanlar\u0131nda yerinde kontroller ger\u00e7ekle\u015ftirildi.<br \/>\n<br \/>Tav\u015fanl\u0131 \u0130l\u00e7e Tar\u0131m ve Orman M\u00fcd\u00fcrl\u00fc\u011f\u00fc teknik personelince yap\u0131lan denetimlerde \u00fcretim alanlar\u0131n\u0131n fiziki durumu, beyan edilen \u00fcr\u00fcn bilgileri ve y\u00fcr\u00fct\u00fclen \u00fcretim faaliyetleri incelenerek kay\u0131t alt\u0131na al\u0131nd\u0131.<br \/>\n<br \/>Yetkililer, KOB\u00dcKS sistemi ile kapal\u0131 ortamda yap\u0131lan bitkisel \u00fcretimin kay\u0131t alt\u0131na al\u0131nmas\u0131n\u0131n ama\u00e7land\u0131\u011f\u0131n\u0131 belirterek, bu sayede \u00fcretim planlamas\u0131, izlenebilirlik ve tar\u0131msal destekleme s\u00fcre\u00e7lerinin daha sa\u011fl\u0131kl\u0131 y\u00fcr\u00fct\u00fclmesinin hedeflendi\u011fini ifade etti. Ayr\u0131ca \u00fcreticilerin sisteme kay\u0131t yapt\u0131rmalar\u0131n\u0131n hem \u00fcretim takibi hem de desteklerden yararlanabilmeleri a\u00e7\u0131s\u0131ndan \u00f6nem ta\u015f\u0131d\u0131\u011f\u0131 vurguland\u0131.<br \/><\/p>\n","protected":false},"excerpt":{"rendered":"<p>K\u00fctahya\u2019n\u0131n Tav\u015fanl\u0131 il\u00e7esinde Tar\u0131m ve Orman Bakanl\u0131\u011f\u0131 taraf\u0131ndan y\u00fcr\u00fct\u00fclen Kapal\u0131 Ortamda Bitkisel \u00dcretim Kay\u0131t Sistemi (KOB\u00dcKS) kapsam\u0131nda ba\u015fvuru yapan \u00fcreticilere ait sera alanlar\u0131nda yerinde kontroller ger\u00e7ekle\u015ftirildi. Tav\u015fanl\u0131 \u0130l\u00e7e Tar\u0131m ve Orman M\u00fcd\u00fcrl\u00fc\u011f\u00fc teknik personelince yap\u0131lan denetimlerde \u00fcretim alanlar\u0131n\u0131n fiziki durumu, beyan edilen \u00fcr\u00fcn bilgileri ve y\u00fcr\u00fct\u00fclen \u00fcretim faaliyetleri incelenerek kay\u0131t alt\u0131na al\u0131nd\u0131. Yetkililer, KOB\u00dcKS sistemi&#8230;<\/p>\n","protected":false},"author":1,"featured_media":92459,"comment_status":"open","ping_status":"open","sticky":false,"template":"","format":"standard","meta":{"_crdt_document":"","footnotes":""},"categories":[125],"tags":[],"class_list":["post-92458","post","type-post","status-publish","format-standard","has-post-thumbnail","hentry","category-ekonomi"],"_links":{"self":[{"href":"https:\/\/www.egemtv.com\/index.php?rest_route=\/wp\/v2\/posts\/92458","targetHints":{"allow":["GET"]}}],"collection":[{"href":"https:\/\/www.egemtv.com\/index.php?rest_route=\/wp\/v2\/posts"}],"about":[{"href":"https:\/\/www.egemtv.com\/index.php?rest_route=\/wp\/v2\/types\/post"}],"author":[{"embeddable":true,"href":"https:\/\/www.egemtv.com\/index.php?rest_route=\/wp\/v2\/users\/1"}],"replies":[{"embeddable":true,"href":"https:\/\/www.egemtv.com\/index.php?rest_route=%2Fwp%2Fv2%2Fcomments&post=92458"}],"version-history":[{"count":1,"href":"https:\/\/www.egemtv.com\/index.php?rest_route=\/wp\/v2\/posts\/92458\/revisions"}],"predecessor-version":[{"id":92460,"href":"https:\/\/www.egemtv.com\/index.php?rest_route=\/wp\/v2\/posts\/92458\/revisions\/92460"}],"wp:featuredmedia":[{"embeddable":true,"href":"https:\/\/www.egemtv.com\/index.php?rest_route=\/wp\/v2\/media\/92459"}],"wp:attachment":[{"href":"https:\/\/www.egemtv.com\/index.php?rest_route=%2Fwp%2Fv2%2Fmedia&parent=92458"}],"wp:term":[{"taxonomy":"category","embeddable":true,"href":"https:\/\/www.egemtv.com\/index.php?rest_route=%2Fwp%2Fv2%2Fcategories&post=92458"},{"taxonomy":"post_tag","embeddable":true,"href":"https:\/\/www.egemtv.com\/index.php?rest_route=%2Fwp%2Fv2%2Ftags&post=92458"}],"curies":[{"name":"wp","href":"https:\/\/api.w.org\/{rel}","templated":true}]}}