{"id":92455,"date":"2026-03-07T10:35:12","date_gmt":"2026-03-07T07:35:12","guid":{"rendered":"https:\/\/www.egemtv.com\/?p=92455"},"modified":"2026-03-07T10:35:13","modified_gmt":"2026-03-07T07:35:13","slug":"kutahyada-mahallelerde-ramazan-coskusu","status":"publish","type":"post","link":"https:\/\/www.egemtv.com\/?p=92455","title":{"rendered":"K\u00fctahya\u2019da mahallelerde Ramazan co\u015fkusu"},"content":{"rendered":"<p>K\u00fctahya Belediyesi taraf\u0131ndan Ramazan ay\u0131 kapsam\u0131nda d\u00fczenlenen &#8220;Bu Ramazan Biz Geliyoruz&#8221; etkinlikleri mahallelerde devam ediyor.<br \/>\n<br \/>Program kapsam\u0131nda \u0130kizh\u00f6y\u00fck ve Yeni Bosna mahallelerinde vatanda\u015flarla bulu\u015fuldu. Etkinliklere Ey\u00fcp Kahveci de kat\u0131larak mahalle sakinleriyle bir araya geldi. Program, belediye ekipleri taraf\u0131ndan verilen ha\u015fere, kemirgen ve yaban ar\u0131s\u0131 ile m\u00fccadele, iklim de\u011fi\u015fikli\u011fi ve s\u0131f\u0131r at\u0131k ile afet fark\u0131ndal\u0131k e\u011fitimleriyle ba\u015flad\u0131.<br \/>\n<br \/>E\u011fitimlerin ard\u0131ndan K\u00fctahya Belediye K\u00fclt\u00fcr ve Sanat Akademisi taraf\u0131ndan haz\u0131rlanan mini konser, \u00e7ocuklara y\u00f6nelik spor etkinlikleri, masal anlat\u0131mlar\u0131 ve Hacivat-Karag\u00f6z g\u00f6lge oyunu ile program devam etti. Etkinlikte konu\u015fan Belediye Ba\u015fkan\u0131 Ey\u00fcp Kahveci, Ramazan ay\u0131n\u0131n birlik, beraberlik ve dayan\u0131\u015fma ruhunu g\u00fc\u00e7lendirdi\u011fini belirterek vatanda\u015flar\u0131n Ramazan-\u0131 \u015eerif\u2019ini tebrik etti.<br \/>\n<br \/>Yo\u011fun kat\u0131l\u0131mla ger\u00e7ekle\u015fen etkinlik, mahalle sakinlerinin bir araya geldi\u011fi samimi bulu\u015fmalar ve Ramazan\u2019\u0131n manevi atmosferiyle sona erdi.<br \/><\/p>\n","protected":false},"excerpt":{"rendered":"<p>K\u00fctahya Belediyesi taraf\u0131ndan Ramazan ay\u0131 kapsam\u0131nda d\u00fczenlenen &#8220;Bu Ramazan Biz Geliyoruz&#8221; etkinlikleri mahallelerde devam ediyor. Program kapsam\u0131nda \u0130kizh\u00f6y\u00fck ve Yeni Bosna mahallelerinde vatanda\u015flarla bulu\u015fuldu. Etkinliklere Ey\u00fcp Kahveci de kat\u0131larak mahalle sakinleriyle bir araya geldi. Program, belediye ekipleri taraf\u0131ndan verilen ha\u015fere, kemirgen ve yaban ar\u0131s\u0131 ile m\u00fccadele, iklim de\u011fi\u015fikli\u011fi ve s\u0131f\u0131r at\u0131k ile afet fark\u0131ndal\u0131k e\u011fitimleriyle&#8230;<\/p>\n","protected":false},"author":1,"featured_media":92456,"comment_status":"open","ping_status":"open","sticky":false,"template":"","format":"standard","meta":{"_crdt_document":"","footnotes":""},"categories":[123],"tags":[],"class_list":["post-92455","post","type-post","status-publish","format-standard","has-post-thumbnail","hentry","category-gundem"],"_links":{"self":[{"href":"https:\/\/www.egemtv.com\/index.php?rest_route=\/wp\/v2\/posts\/92455","targetHints":{"allow":["GET"]}}],"collection":[{"href":"https:\/\/www.egemtv.com\/index.php?rest_route=\/wp\/v2\/posts"}],"about":[{"href":"https:\/\/www.egemtv.com\/index.php?rest_route=\/wp\/v2\/types\/post"}],"author":[{"embeddable":true,"href":"https:\/\/www.egemtv.com\/index.php?rest_route=\/wp\/v2\/users\/1"}],"replies":[{"embeddable":true,"href":"https:\/\/www.egemtv.com\/index.php?rest_route=%2Fwp%2Fv2%2Fcomments&post=92455"}],"version-history":[{"count":1,"href":"https:\/\/www.egemtv.com\/index.php?rest_route=\/wp\/v2\/posts\/92455\/revisions"}],"predecessor-version":[{"id":92457,"href":"https:\/\/www.egemtv.com\/index.php?rest_route=\/wp\/v2\/posts\/92455\/revisions\/92457"}],"wp:featuredmedia":[{"embeddable":true,"href":"https:\/\/www.egemtv.com\/index.php?rest_route=\/wp\/v2\/media\/92456"}],"wp:attachment":[{"href":"https:\/\/www.egemtv.com\/index.php?rest_route=%2Fwp%2Fv2%2Fmedia&parent=92455"}],"wp:term":[{"taxonomy":"category","embeddable":true,"href":"https:\/\/www.egemtv.com\/index.php?rest_route=%2Fwp%2Fv2%2Fcategories&post=92455"},{"taxonomy":"post_tag","embeddable":true,"href":"https:\/\/www.egemtv.com\/index.php?rest_route=%2Fwp%2Fv2%2Ftags&post=92455"}],"curies":[{"name":"wp","href":"https:\/\/api.w.org\/{rel}","templated":true}]}}