{"id":92452,"date":"2026-03-07T10:35:11","date_gmt":"2026-03-07T07:35:11","guid":{"rendered":"https:\/\/www.egemtv.com\/?p=92452"},"modified":"2026-03-07T10:35:12","modified_gmt":"2026-03-07T07:35:12","slug":"kutahyada-okullar-arasi-gencler-tenis-musabakalari-tamamlandi","status":"publish","type":"post","link":"https:\/\/www.egemtv.com\/?p=92452","title":{"rendered":"K\u00fctahya\u2019da \u2019Okullar Aras\u0131 Gen\u00e7ler Tenis M\u00fcsabakalar\u0131\u2019 tamamland\u0131"},"content":{"rendered":"<p>K\u00fctahya\u2019da 2025-2026 E\u011fitim \u00d6\u011fretim Y\u0131l\u0131 Okullar Aras\u0131 Gen\u00e7ler Tenis M\u00fcsabakalar\u0131 tamamland\u0131.<br \/>\n<br \/>K\u00fctahya Gen\u00e7lik ve Spor \u0130l M\u00fcd\u00fcrl\u00fc\u011f\u00fc koordinesinde d\u00fczenlenen organizasyonda gen\u00e7 sporcular, kortta sergiledikleri performansla izleyenlere heyecan dolu anlar ya\u015fatt\u0131.<br \/>\n<br \/>M\u00fcsabakalar boyunca sporun heyecan\u0131, m\u00fccadele ruhu ve centilmenlik anlay\u0131\u015f\u0131 \u00f6n plana \u00e7\u0131kt\u0131. Farkl\u0131 okullardan kat\u0131lan gen\u00e7 tenis\u00e7iler, dereceye girebilmek i\u00e7in kortta k\u0131yas\u0131ya m\u00fccadele etti.<br \/>\n<br \/>K\u00fctahya Gen\u00e7lik ve Spor \u0130l M\u00fcd\u00fcrl\u00fc\u011f\u00fc taraf\u0131ndan yap\u0131lan a\u00e7\u0131klamada, azim ve kararl\u0131l\u0131kla m\u00fccadele eden t\u00fcm sporcular tebrik edilerek, derece elde eden okullara ba\u015far\u0131lar\u0131n\u0131n devam\u0131 dilendi. Organizasyonun, gen\u00e7lerin spora te\u015fvik edilmesi ve tenis bran\u015f\u0131n\u0131n geli\u015fimine katk\u0131 sa\u011flamas\u0131 a\u00e7\u0131s\u0131ndan \u00f6nemli oldu\u011fu vurguland\u0131.<br \/><\/p>\n","protected":false},"excerpt":{"rendered":"<p>K\u00fctahya\u2019da 2025-2026 E\u011fitim \u00d6\u011fretim Y\u0131l\u0131 Okullar Aras\u0131 Gen\u00e7ler Tenis M\u00fcsabakalar\u0131 tamamland\u0131. K\u00fctahya Gen\u00e7lik ve Spor \u0130l M\u00fcd\u00fcrl\u00fc\u011f\u00fc koordinesinde d\u00fczenlenen organizasyonda gen\u00e7 sporcular, kortta sergiledikleri performansla izleyenlere heyecan dolu anlar ya\u015fatt\u0131. M\u00fcsabakalar boyunca sporun heyecan\u0131, m\u00fccadele ruhu ve centilmenlik anlay\u0131\u015f\u0131 \u00f6n plana \u00e7\u0131kt\u0131. Farkl\u0131 okullardan kat\u0131lan gen\u00e7 tenis\u00e7iler, dereceye girebilmek i\u00e7in kortta k\u0131yas\u0131ya m\u00fccadele etti. K\u00fctahya&#8230;<\/p>\n","protected":false},"author":1,"featured_media":92453,"comment_status":"open","ping_status":"open","sticky":false,"template":"","format":"standard","meta":{"_crdt_document":"","footnotes":""},"categories":[4],"tags":[],"class_list":["post-92452","post","type-post","status-publish","format-standard","has-post-thumbnail","hentry","category-spor"],"_links":{"self":[{"href":"https:\/\/www.egemtv.com\/index.php?rest_route=\/wp\/v2\/posts\/92452","targetHints":{"allow":["GET"]}}],"collection":[{"href":"https:\/\/www.egemtv.com\/index.php?rest_route=\/wp\/v2\/posts"}],"about":[{"href":"https:\/\/www.egemtv.com\/index.php?rest_route=\/wp\/v2\/types\/post"}],"author":[{"embeddable":true,"href":"https:\/\/www.egemtv.com\/index.php?rest_route=\/wp\/v2\/users\/1"}],"replies":[{"embeddable":true,"href":"https:\/\/www.egemtv.com\/index.php?rest_route=%2Fwp%2Fv2%2Fcomments&post=92452"}],"version-history":[{"count":1,"href":"https:\/\/www.egemtv.com\/index.php?rest_route=\/wp\/v2\/posts\/92452\/revisions"}],"predecessor-version":[{"id":92454,"href":"https:\/\/www.egemtv.com\/index.php?rest_route=\/wp\/v2\/posts\/92452\/revisions\/92454"}],"wp:featuredmedia":[{"embeddable":true,"href":"https:\/\/www.egemtv.com\/index.php?rest_route=\/wp\/v2\/media\/92453"}],"wp:attachment":[{"href":"https:\/\/www.egemtv.com\/index.php?rest_route=%2Fwp%2Fv2%2Fmedia&parent=92452"}],"wp:term":[{"taxonomy":"category","embeddable":true,"href":"https:\/\/www.egemtv.com\/index.php?rest_route=%2Fwp%2Fv2%2Fcategories&post=92452"},{"taxonomy":"post_tag","embeddable":true,"href":"https:\/\/www.egemtv.com\/index.php?rest_route=%2Fwp%2Fv2%2Ftags&post=92452"}],"curies":[{"name":"wp","href":"https:\/\/api.w.org\/{rel}","templated":true}]}}