{"id":92449,"date":"2026-03-07T10:16:46","date_gmt":"2026-03-07T07:16:46","guid":{"rendered":"https:\/\/www.egemtv.com\/?p=92449"},"modified":"2026-03-07T10:16:47","modified_gmt":"2026-03-07T07:16:47","slug":"cicekler-kadinlarin-elinde-sanat-eserine-donustu","status":"publish","type":"post","link":"https:\/\/www.egemtv.com\/?p=92449","title":{"rendered":"\u00c7i\u00e7ekler kad\u0131nlar\u0131n elinde sanat eserine d\u00f6n\u00fc\u015ft\u00fc"},"content":{"rendered":"<p>Denizli\u2019de 8 Mart D\u00fcnya Kad\u0131nlar G\u00fcn\u00fc etkinlikleri kapsam\u0131nda ilk kez d\u00fczenlenen Canl\u0131 \u00c7i\u00e7ek D\u00fczenleme Akademisine kat\u0131lan 20 kad\u0131n, dekoratif \u00e7i\u00e7ek d\u00fczenleme sanat\u0131n\u0131n inceliklerini \u00f6\u011frendi. \u00c7i\u00e7ek \u015fekillendirilme ve saks\u0131da \u00e7i\u00e7ek \u00f6mr\u00fcn\u00fcn nas\u0131l uzat\u0131laca\u011f\u0131n\u0131 uygulayan kad\u0131nlar, canl\u0131 \u00e7i\u00e7eklerle sanat eseri gibi aranjmanlar haz\u0131rlad\u0131.<\/p>\n<p>Denizli\u2019de 8 Mart D\u00fcnya Kad\u0131nlar G\u00fcn\u00fc \u00f6ncesinde ilk kez &#8220;Canl\u0131 \u00c7i\u00e7ek D\u00fczenleme Akademisi&#8221; etkinli\u011fi d\u00fczenlendi. The Mia Home and Living i\u015fletmecisi \u0130pek Ta\u015f\u00e7\u0131\u2019n\u0131n ev sahipli\u011finde 20 kad\u0131n\u0131n kat\u0131ld\u0131\u011f\u0131 akademi etkinli\u011finde, 1980\u2019li y\u0131llarda ba\u015flad\u0131klar\u0131 ata mesle\u011fini s\u00fcrd\u00fcren \u00e7i\u00e7ek tasar\u0131mc\u0131s\u0131 Ercan \u00dcnal, kat\u0131l\u0131mc\u0131lara evde \u00e7i\u00e7eklerin nas\u0131l \u015fekillendirilece\u011fi ve \u00e7i\u00e7eklerin daha uzun \u00f6m\u00fcrl\u00fc olmas\u0131 i\u00e7in uygulanabilecek y\u00f6ntemler hakk\u0131nda bilgiler verildi. E\u011fitimin ard\u0131ndan kat\u0131l\u0131mc\u0131lar, \u00f6\u011frendikleri teknikleri uygulayarak kendi hayal g\u00fc\u00e7lerini yans\u0131tan \u00e7i\u00e7ek aranjmanlar\u0131n\u0131 haz\u0131rlad\u0131. Uzun s\u00fcredir birbirlerini g\u00f6rmeyen baz\u0131 kat\u0131l\u0131mc\u0131lar da etkinlik sayesinde bir araya gelerek keyifli vakit ge\u00e7irdi. Birden fazla \u00e7i\u00e7ek \u00e7e\u015fidinin kullan\u0131ld\u0131\u011f\u0131 \u00e7al\u0131\u015fmalarda, kat\u0131l\u0131mc\u0131lar kendi zevklerine ve ruh hallerine g\u00f6re farkl\u0131 tasar\u0131mlar olu\u015fturdu.<\/p>\n<p>&#8220;Kendi hayalimizdeki ve ruhumuzu yans\u0131tan \u00e7i\u00e7ekleri haz\u0131rl\u0131yoruz&#8221;<br \/>\n<br \/>Etkinli\u011fi d\u00fczenleyen ve \u00e7i\u00e7ekler hakk\u0131nda bilgileri kat\u0131l\u0131mc\u0131lara aktaran Ercan \u00dcnal, 1980\u2019li y\u0131llarda babas\u0131 taraf\u0131ndan Denizli\u2019ye kazand\u0131r\u0131lan Orkide Flower markas\u0131n\u0131 ya\u015fatmaya devam ettiklerini s\u00f6yledi. Bir ilke imza atman\u0131n mutlulu\u011funu ya\u015fad\u0131klar\u0131n\u0131 belirten \u00dcnal, &#8220;8 Mart D\u00fcnya Kad\u0131nlar g\u00fcn\u00fc \u00f6ncesi kat\u0131l\u0131mc\u0131 bayan arkada\u015flar\u0131m\u0131zla birlikte evde kendi \u00e7i\u00e7eklerimizi nas\u0131l \u015fekillendirebiliriz, kendi \u00e7i\u00e7eklerimizi daha uzun \u00f6m\u00fcrl\u00fc nas\u0131l ya\u015fatabiliriz bunun e\u011fitimi veriyoruz. Yakla\u015f\u0131k 20 kat\u0131l\u0131mc\u0131 oldu. Uzun zamand\u0131r birbirlerini g\u00f6rmeyen arkada\u015flar burada hepsi bir arada. Burada kat\u0131l\u0131mc\u0131 arkada\u015flar\u0131m\u0131zla birlikte g\u00fczel \u00e7i\u00e7ekler yap\u0131yoruz. Herkes \u00e7ok keyifli. Kat\u0131l\u0131m sa\u011flayan arkada\u015flar\u0131m\u0131za birden fazla \u00e7i\u00e7ek \u00e7e\u015fitleri bulunuyor. Kendi hayalimizdeki ve ruhumuzu yans\u0131tan \u00e7i\u00e7ekleri haz\u0131rl\u0131yoruz. Nas\u0131l haz\u0131rland\u0131\u011f\u0131n\u0131 kat\u0131l\u0131mc\u0131lara anlatt\u0131ktan sonra herkes kendi istedi\u011fi \u015fekilde haz\u0131rlamaya ba\u015fl\u0131yor. \u015eimdiden d\u00fcnyam\u0131z\u0131 g\u00fczelle\u015ftiren kad\u0131nlar\u0131m\u0131z\u0131n D\u00fcnya Kad\u0131nlar G\u00fcn\u00fc kutlu olsun&#8221; dedi.<\/p>\n<p>&#8220;Daha fazla bu tarz etkinliklerin olmas\u0131n\u0131 istiyoruz&#8221;<br \/>\n<br \/>Bu tarz etkinliklerin daha da artmas\u0131n\u0131 dile getiren Eda Nur Sicimli de &#8220;Daha fazla bu tarz etkinliklerin olmas\u0131n\u0131 istiyoruz. \u00d6zellikle i\u015f sonras\u0131 stres atmak i\u00e7in birebir. Bu tarz etkinliklere gelerek hem yeni insanlarla tan\u0131\u015f\u0131yoruz hem de sosyalle\u015fiyoruz&#8221; ifadelerini kulland\u0131.<\/p>\n<p>&#8220;Buraya gelerek \u00f6nemli bilgiler \u00f6\u011freniyoruz&#8221;<br \/>\n<br \/>Bu tarz etkinliklere kat\u0131larak \u00f6nemli bilgiler \u00f6\u011frendi\u011fini ifade eden Yasemin Alpaslan ise &#8220;Bug\u00fcn burada kad\u0131nla g\u00fcn\u00fc i\u00e7in topland\u0131k. Buraya gelerek hem \u00e7i\u00e7ekleri tan\u0131d\u0131k hem de bu \u00e7i\u00e7eklerle neler yapabiliriz bunlar\u0131 \u00f6\u011freniyoruz. Bunlarla ilgili \u00e7al\u0131\u015fmalar yap\u0131yoruz. Ayn\u0131 zamanda \u00f6nemli bilgiler \u00f6\u011freniyoruz&#8221; diye konu\u015ftu.<br \/><\/p>\n","protected":false},"excerpt":{"rendered":"<p>Denizli\u2019de 8 Mart D\u00fcnya Kad\u0131nlar G\u00fcn\u00fc etkinlikleri kapsam\u0131nda ilk kez d\u00fczenlenen Canl\u0131 \u00c7i\u00e7ek D\u00fczenleme Akademisine kat\u0131lan 20 kad\u0131n, dekoratif \u00e7i\u00e7ek d\u00fczenleme sanat\u0131n\u0131n inceliklerini \u00f6\u011frendi. \u00c7i\u00e7ek \u015fekillendirilme ve saks\u0131da \u00e7i\u00e7ek \u00f6mr\u00fcn\u00fcn nas\u0131l uzat\u0131laca\u011f\u0131n\u0131 uygulayan kad\u0131nlar, canl\u0131 \u00e7i\u00e7eklerle sanat eseri gibi aranjmanlar haz\u0131rlad\u0131. Denizli\u2019de 8 Mart D\u00fcnya Kad\u0131nlar G\u00fcn\u00fc \u00f6ncesinde ilk kez &#8220;Canl\u0131 \u00c7i\u00e7ek D\u00fczenleme Akademisi&#8221; etkinli\u011fi&#8230;<\/p>\n","protected":false},"author":1,"featured_media":92450,"comment_status":"open","ping_status":"open","sticky":false,"template":"","format":"standard","meta":{"_crdt_document":"","footnotes":""},"categories":[1],"tags":[],"class_list":["post-92449","post","type-post","status-publish","format-standard","has-post-thumbnail","hentry","category-guncel"],"_links":{"self":[{"href":"https:\/\/www.egemtv.com\/index.php?rest_route=\/wp\/v2\/posts\/92449","targetHints":{"allow":["GET"]}}],"collection":[{"href":"https:\/\/www.egemtv.com\/index.php?rest_route=\/wp\/v2\/posts"}],"about":[{"href":"https:\/\/www.egemtv.com\/index.php?rest_route=\/wp\/v2\/types\/post"}],"author":[{"embeddable":true,"href":"https:\/\/www.egemtv.com\/index.php?rest_route=\/wp\/v2\/users\/1"}],"replies":[{"embeddable":true,"href":"https:\/\/www.egemtv.com\/index.php?rest_route=%2Fwp%2Fv2%2Fcomments&post=92449"}],"version-history":[{"count":1,"href":"https:\/\/www.egemtv.com\/index.php?rest_route=\/wp\/v2\/posts\/92449\/revisions"}],"predecessor-version":[{"id":92451,"href":"https:\/\/www.egemtv.com\/index.php?rest_route=\/wp\/v2\/posts\/92449\/revisions\/92451"}],"wp:featuredmedia":[{"embeddable":true,"href":"https:\/\/www.egemtv.com\/index.php?rest_route=\/wp\/v2\/media\/92450"}],"wp:attachment":[{"href":"https:\/\/www.egemtv.com\/index.php?rest_route=%2Fwp%2Fv2%2Fmedia&parent=92449"}],"wp:term":[{"taxonomy":"category","embeddable":true,"href":"https:\/\/www.egemtv.com\/index.php?rest_route=%2Fwp%2Fv2%2Fcategories&post=92449"},{"taxonomy":"post_tag","embeddable":true,"href":"https:\/\/www.egemtv.com\/index.php?rest_route=%2Fwp%2Fv2%2Ftags&post=92449"}],"curies":[{"name":"wp","href":"https:\/\/api.w.org\/{rel}","templated":true}]}}