{"id":92446,"date":"2026-03-07T10:16:45","date_gmt":"2026-03-07T07:16:45","guid":{"rendered":"https:\/\/www.egemtv.com\/?p=92446"},"modified":"2026-03-07T10:16:45","modified_gmt":"2026-03-07T07:16:45","slug":"tavasta-rogarlar-ilaclaniyor","status":"publish","type":"post","link":"https:\/\/www.egemtv.com\/?p=92446","title":{"rendered":"Tavas\u2019ta r\u00f6garlar ila\u00e7lan\u0131yor"},"content":{"rendered":"<p>Tavas Belediyesi, yaz aylar\u0131nda olu\u015fabilecek ha\u015fere ve sivrisinek sorununa kar\u015f\u0131 kanalizasyon r\u00f6garlar\u0131nda s\u0131cak sisleme y\u00f6ntemiyle larvasit ila\u00e7lama \u00e7al\u0131\u015fmalar\u0131na ba\u015flad\u0131.<br \/>\n<br \/>Tavas Belediyesi, yaz aylar\u0131nda art\u0131\u015f g\u00f6steren sivrisinek ve ha\u015fere olu\u015fumunun \u00f6n\u00fcne ge\u00e7mek amac\u0131yla il\u00e7ede ila\u00e7lama \u00e7al\u0131\u015fmalar\u0131n\u0131 ba\u015flatt\u0131. \u00c7evre Koruma ve Kontrol M\u00fcd\u00fcrl\u00fc\u011f\u00fc ekipleri taraf\u0131ndan y\u00fcr\u00fct\u00fclen \u00e7al\u0131\u015fmalar kapsam\u0131nda kanalizasyon r\u00f6garlar\u0131nda s\u0131cak sisleme y\u00f6ntemiyle larvasit ila\u00e7lama uygulan\u0131yor.<br \/>\n<br \/>\u0130l\u00e7e genelinde planl\u0131 bir \u015fekilde s\u00fcrd\u00fcr\u00fclen \u00e7al\u0131\u015fmalarla t\u00fcm kanalizasyon r\u00f6garlar\u0131n\u0131n s\u0131rayla ila\u00e7lanaca\u011f\u0131 bildirildi. Yap\u0131lan uygulaman\u0131n \u00f6zellikle sivrisinek ve ha\u015fere olu\u015fumunu kayna\u011f\u0131nda \u00f6nlemeyi hedefledi\u011fi ifade edildi.<br \/>\n<br \/>Tavas Belediye Ba\u015fkan\u0131 Kadir Tat\u0131k, \u00e7al\u0131\u015fmalar\u0131n halk sa\u011fl\u0131\u011f\u0131n\u0131 korumaya y\u00f6nelik olarak ger\u00e7ekle\u015ftirildi\u011fini belirterek, &#8220;Vatanda\u015flar\u0131m\u0131z\u0131n yaz aylar\u0131nda daha sa\u011fl\u0131kl\u0131 ve konforlu bir \u00e7evrede ya\u015famlar\u0131n\u0131 s\u00fcrd\u00fcrebilmeleri amac\u0131yla, \u00c7evre Koruma ve Kontrol M\u00fcd\u00fcrl\u00fc\u011f\u00fcm\u00fcz taraf\u0131ndan il\u00e7emizdeki kanalizasyon r\u00f6garlar\u0131nda s\u0131cak sisleme y\u00f6ntemiyle larvasit ila\u00e7lama \u00e7al\u0131\u015fmalar\u0131na ba\u015flanm\u0131\u015ft\u0131r. \u0130l\u00e7emiz genelindeki t\u00fcm kanalizasyon r\u00f6garlar\u0131 planl\u0131 bir \u015fekilde ila\u00e7lanacakt\u0131r. Halk sa\u011fl\u0131\u011f\u0131n\u0131 korumaya y\u00f6nelik \u00e7al\u0131\u015fmalar\u0131m\u0131z aral\u0131ks\u0131z devam etmektedir&#8221; dedi.<br \/><\/p>\n","protected":false},"excerpt":{"rendered":"<p>Tavas Belediyesi, yaz aylar\u0131nda olu\u015fabilecek ha\u015fere ve sivrisinek sorununa kar\u015f\u0131 kanalizasyon r\u00f6garlar\u0131nda s\u0131cak sisleme y\u00f6ntemiyle larvasit ila\u00e7lama \u00e7al\u0131\u015fmalar\u0131na ba\u015flad\u0131. Tavas Belediyesi, yaz aylar\u0131nda art\u0131\u015f g\u00f6steren sivrisinek ve ha\u015fere olu\u015fumunun \u00f6n\u00fcne ge\u00e7mek amac\u0131yla il\u00e7ede ila\u00e7lama \u00e7al\u0131\u015fmalar\u0131n\u0131 ba\u015flatt\u0131. \u00c7evre Koruma ve Kontrol M\u00fcd\u00fcrl\u00fc\u011f\u00fc ekipleri taraf\u0131ndan y\u00fcr\u00fct\u00fclen \u00e7al\u0131\u015fmalar kapsam\u0131nda kanalizasyon r\u00f6garlar\u0131nda s\u0131cak sisleme y\u00f6ntemiyle larvasit ila\u00e7lama uygulan\u0131yor. \u0130l\u00e7e&#8230;<\/p>\n","protected":false},"author":1,"featured_media":92447,"comment_status":"open","ping_status":"open","sticky":false,"template":"","format":"standard","meta":{"_crdt_document":"","footnotes":""},"categories":[1],"tags":[],"class_list":["post-92446","post","type-post","status-publish","format-standard","has-post-thumbnail","hentry","category-guncel"],"_links":{"self":[{"href":"https:\/\/www.egemtv.com\/index.php?rest_route=\/wp\/v2\/posts\/92446","targetHints":{"allow":["GET"]}}],"collection":[{"href":"https:\/\/www.egemtv.com\/index.php?rest_route=\/wp\/v2\/posts"}],"about":[{"href":"https:\/\/www.egemtv.com\/index.php?rest_route=\/wp\/v2\/types\/post"}],"author":[{"embeddable":true,"href":"https:\/\/www.egemtv.com\/index.php?rest_route=\/wp\/v2\/users\/1"}],"replies":[{"embeddable":true,"href":"https:\/\/www.egemtv.com\/index.php?rest_route=%2Fwp%2Fv2%2Fcomments&post=92446"}],"version-history":[{"count":1,"href":"https:\/\/www.egemtv.com\/index.php?rest_route=\/wp\/v2\/posts\/92446\/revisions"}],"predecessor-version":[{"id":92448,"href":"https:\/\/www.egemtv.com\/index.php?rest_route=\/wp\/v2\/posts\/92446\/revisions\/92448"}],"wp:featuredmedia":[{"embeddable":true,"href":"https:\/\/www.egemtv.com\/index.php?rest_route=\/wp\/v2\/media\/92447"}],"wp:attachment":[{"href":"https:\/\/www.egemtv.com\/index.php?rest_route=%2Fwp%2Fv2%2Fmedia&parent=92446"}],"wp:term":[{"taxonomy":"category","embeddable":true,"href":"https:\/\/www.egemtv.com\/index.php?rest_route=%2Fwp%2Fv2%2Fcategories&post=92446"},{"taxonomy":"post_tag","embeddable":true,"href":"https:\/\/www.egemtv.com\/index.php?rest_route=%2Fwp%2Fv2%2Ftags&post=92446"}],"curies":[{"name":"wp","href":"https:\/\/api.w.org\/{rel}","templated":true}]}}