{"id":92443,"date":"2026-03-07T10:16:44","date_gmt":"2026-03-07T07:16:44","guid":{"rendered":"https:\/\/www.egemtv.com\/?p=92443"},"modified":"2026-03-07T10:16:45","modified_gmt":"2026-03-07T07:16:45","slug":"baskan-yetiskin-efeleri-kadinlarin-gelecege-umutla-baktigi-bir-kent-yapmak-icin-calisiyoruz","status":"publish","type":"post","link":"https:\/\/www.egemtv.com\/?p=92443","title":{"rendered":"Ba\u015fkan Yeti\u015fkin: &#8220;Efeler\u2019i kad\u0131nlar\u0131n gelece\u011fe umutla bakt\u0131\u011f\u0131 bir kent yapmak i\u00e7in \u00e7al\u0131\u015f\u0131yoruz&#8221;"},"content":{"rendered":"<p>Efeler Belediyesi, kad\u0131nlar\u0131n \u00fcretime, e\u011fitime ve sosyal ya\u015fama kat\u0131l\u0131m\u0131n\u0131 art\u0131rmaya y\u00f6nelik \u00e7e\u015fitli projeler y\u00fcr\u00fct\u00fcrken, Efeler\u2019in ba\u015frol\u00fcnde kad\u0131nlar\u0131n oldu\u011funu vurgulayan Efeler Belediye Ba\u015fkan\u0131 An\u0131l Yeti\u015fkin; &#8220;Biz, Efeler\u2019i kad\u0131nlar\u0131n \u00f6zg\u00fcrce \u00fcretti\u011fi, korkusuzca ya\u015fad\u0131\u011f\u0131 ve gelece\u011fe umutla bakt\u0131\u011f\u0131 bir kent yapmak i\u00e7in gece g\u00fcnd\u00fcz \u00e7al\u0131\u015fmaya devam edece\u011fiz&#8221; dedi.<br \/>\n<br \/>Efeler Belediyesi taraf\u0131ndan kad\u0131nlar\u0131n ekonomik ve sosyal hayatta daha aktif yer almas\u0131n\u0131 sa\u011flamak amac\u0131yla \u00e7e\u015fitli projeler hayata ge\u00e7iriliyor. Belediye b\u00fcnyesinde faaliyet g\u00f6steren Kad\u0131n Eme\u011fi Tar\u0131msal \u00dcr\u00fcn Fabrikas\u0131\u2019nda y\u00f6resel \u00fcr\u00fcnler i\u015flenerek katma de\u011ferli \u00fcr\u00fcnlere d\u00f6n\u00fc\u015ft\u00fcr\u00fcl\u00fcyor. Tesiste \u00e7al\u0131\u015fanlar\u0131n tamam\u0131n\u0131 kad\u0131nlar olu\u015ftururken, \u00fcretilen \u00fcr\u00fcnler sat\u0131\u015fa sunularak kad\u0131nlar\u0131n ekonomik kazan\u00e7 elde etmesi sa\u011flan\u0131yor. Kad\u0131n, Aile ve \u00c7ocuk Psikososyal Destek Merkezleri\u2019nde ise kad\u0131nlara y\u00f6nelik psikolojik dan\u0131\u015fmanl\u0131k hizmetleri veriliyor. Merkezlerde ayr\u0131ca anne adaylar\u0131na y\u00f6nelik do\u011fum haz\u0131rl\u0131k kurslar\u0131 ve hamilelik s\u00fcrecine ili\u015fkin bilgilendirme \u00e7al\u0131\u015fmalar\u0131 da ger\u00e7ekle\u015ftiriliyor. \u00c7al\u0131\u015fan annelere destek amac\u0131yla hizmet veren G\u00fcnd\u00fcz Bak\u0131mevleri\u2019nde \u00e7ocuklara e\u011fitim ve bak\u0131m hizmeti sunuluyor. Bu merkezlerde \u00e7ocuklar yabanc\u0131 dil, spor, sanat ve temel e\u011fitim alanlar\u0131nda \u00e7e\u015fitli etkinliklere kat\u0131labiliyor. Efeler Belediyesi taraf\u0131ndan hizmete sunulan T\u00fcrkan Saylan Misafirhanesi ise \u00f6zellikle \u015fehir d\u0131\u015f\u0131ndan gelen veya bar\u0131nma ihtiyac\u0131 bulunan kad\u0131nlara konaklama imkan\u0131 sa\u011fl\u0131yor. E\u011fitim alan\u0131nda ise Kitap Kafeler ve EFESEM Akademi\u2019de \u00f6\u011frencilere y\u00f6nelik ders destek programlar\u0131 d\u00fczenleniyor. Bu merkezlerde ortaokul ve lise \u00f6\u011frencilerinin yan\u0131 s\u0131ra \u00fcniversiteye haz\u0131rlanan gen\u00e7lere e\u011fitim deste\u011fi veriliyor. Belediye b\u00fcnyesinde faaliyet g\u00f6steren Han\u0131mevleri\u2019nde ise kad\u0131nlara y\u00f6nelik \u00e7e\u015fitli kurslar d\u00fczenleniyor. Seramik, yabanc\u0131 dil, el sanatlar\u0131 ve farkl\u0131 alanlarda verilen e\u011fitimlerle kad\u0131nlar\u0131n ki\u015fisel geli\u015fimlerine katk\u0131 sa\u011flanmas\u0131 ama\u00e7lan\u0131yor.<br \/>\n<br \/>&#8220;Efeler\u2019i kad\u0131nlar\u0131m\u0131z\u0131n gelece\u011fe umutla bakt\u0131\u011f\u0131 bir kent yapaca\u011f\u0131z&#8221;<br \/>\n<br \/>Belediye olarak kad\u0131nlar\u0131n \u00fcretim, e\u011fitim ve sosyal ya\u015famda daha aktif yer almas\u0131n\u0131 destekleyen \u00e7al\u0131\u015fmalar y\u00fcr\u00fctt\u00fcklerini belirten Efeler Belediye Ba\u015fkan\u0131 An\u0131l Yeti\u015fkin; &#8220;Bizim i\u00e7in belediyecilik, sadece temel hizmetler de\u011fildir; bizim asli g\u00f6revimiz insan\u0131m\u0131z\u0131n, en \u00e7ok da toplumun temel ta\u015f\u0131 olan kad\u0131nlar\u0131m\u0131z\u0131n hayat\u0131na dokunmakt\u0131r. Efeler\u2019de kad\u0131n\u0131n eme\u011fi fabrikam\u0131zda de\u011fer buluyor, kad\u0131n\u0131n e\u011fitimi merkezlerimizde y\u00fckseliyor, kad\u0131n\u0131n g\u00fcvenli\u011fi misafirhanelerimizde hayat buluyor. E\u011fer bir kad\u0131n kendini g\u00fcvende ve mutlu hissediyorsa, o aile de o \u015fehir de mutludur. Biz, Efeler\u2019i kad\u0131nlar\u0131n \u00f6zg\u00fcrce \u00fcretti\u011fi, korkusuzca ya\u015fad\u0131\u011f\u0131 ve gelece\u011fe umutla bakt\u0131\u011f\u0131 bir kent yapmak i\u00e7in gece g\u00fcnd\u00fcz \u00e7al\u0131\u015fmaya devam edece\u011fiz&#8221; dedi.<br \/><\/p>\n","protected":false},"excerpt":{"rendered":"<p>Efeler Belediyesi, kad\u0131nlar\u0131n \u00fcretime, e\u011fitime ve sosyal ya\u015fama kat\u0131l\u0131m\u0131n\u0131 art\u0131rmaya y\u00f6nelik \u00e7e\u015fitli projeler y\u00fcr\u00fct\u00fcrken, Efeler\u2019in ba\u015frol\u00fcnde kad\u0131nlar\u0131n oldu\u011funu vurgulayan Efeler Belediye Ba\u015fkan\u0131 An\u0131l Yeti\u015fkin; &#8220;Biz, Efeler\u2019i kad\u0131nlar\u0131n \u00f6zg\u00fcrce \u00fcretti\u011fi, korkusuzca ya\u015fad\u0131\u011f\u0131 ve gelece\u011fe umutla bakt\u0131\u011f\u0131 bir kent yapmak i\u00e7in gece g\u00fcnd\u00fcz \u00e7al\u0131\u015fmaya devam edece\u011fiz&#8221; dedi. Efeler Belediyesi taraf\u0131ndan kad\u0131nlar\u0131n ekonomik ve sosyal hayatta daha aktif&#8230;<\/p>\n","protected":false},"author":1,"featured_media":92444,"comment_status":"open","ping_status":"open","sticky":false,"template":"","format":"standard","meta":{"_crdt_document":"","footnotes":""},"categories":[1],"tags":[],"class_list":["post-92443","post","type-post","status-publish","format-standard","has-post-thumbnail","hentry","category-guncel"],"_links":{"self":[{"href":"https:\/\/www.egemtv.com\/index.php?rest_route=\/wp\/v2\/posts\/92443","targetHints":{"allow":["GET"]}}],"collection":[{"href":"https:\/\/www.egemtv.com\/index.php?rest_route=\/wp\/v2\/posts"}],"about":[{"href":"https:\/\/www.egemtv.com\/index.php?rest_route=\/wp\/v2\/types\/post"}],"author":[{"embeddable":true,"href":"https:\/\/www.egemtv.com\/index.php?rest_route=\/wp\/v2\/users\/1"}],"replies":[{"embeddable":true,"href":"https:\/\/www.egemtv.com\/index.php?rest_route=%2Fwp%2Fv2%2Fcomments&post=92443"}],"version-history":[{"count":1,"href":"https:\/\/www.egemtv.com\/index.php?rest_route=\/wp\/v2\/posts\/92443\/revisions"}],"predecessor-version":[{"id":92445,"href":"https:\/\/www.egemtv.com\/index.php?rest_route=\/wp\/v2\/posts\/92443\/revisions\/92445"}],"wp:featuredmedia":[{"embeddable":true,"href":"https:\/\/www.egemtv.com\/index.php?rest_route=\/wp\/v2\/media\/92444"}],"wp:attachment":[{"href":"https:\/\/www.egemtv.com\/index.php?rest_route=%2Fwp%2Fv2%2Fmedia&parent=92443"}],"wp:term":[{"taxonomy":"category","embeddable":true,"href":"https:\/\/www.egemtv.com\/index.php?rest_route=%2Fwp%2Fv2%2Fcategories&post=92443"},{"taxonomy":"post_tag","embeddable":true,"href":"https:\/\/www.egemtv.com\/index.php?rest_route=%2Fwp%2Fv2%2Ftags&post=92443"}],"curies":[{"name":"wp","href":"https:\/\/api.w.org\/{rel}","templated":true}]}}