{"id":92440,"date":"2026-03-07T10:16:43","date_gmt":"2026-03-07T07:16:43","guid":{"rendered":"https:\/\/www.egemtv.com\/?p=92440"},"modified":"2026-03-07T10:16:44","modified_gmt":"2026-03-07T07:16:44","slug":"baskan-tugay-sahur-sofrasina-konuk-oldu","status":"publish","type":"post","link":"https:\/\/www.egemtv.com\/?p=92440","title":{"rendered":"Ba\u015fkan Tugay, sahur sofras\u0131na konuk oldu"},"content":{"rendered":"<p>\u0130zmir B\u00fcy\u00fck\u015fehir Belediye Ba\u015fkan\u0131 Dr. Cemil Tugay, Ramazan ay\u0131 kapsam\u0131nda ger\u00e7ekle\u015ftirdi\u011fi il\u00e7e ziyaretleri \u00e7er\u00e7evesinde Bay\u0131nd\u0131r\u2019\u0131n Zeytinova Mahallesi\u2019nde vatanda\u015flarla sahur sofras\u0131nda bir araya geldi.<br \/>\n<br \/>\u0130zmir B\u00fcy\u00fck\u015fehir Belediyesi Ba\u015fkan\u0131 Dr. Cemil Tugay, Ramazan ay\u0131n\u0131n manevi atmosferini vatanda\u015flarla birlikte ya\u015famak amac\u0131yla il\u00e7e ziyaretlerini s\u00fcrd\u00fcr\u00fcyor. Bu kapsamda Bay\u0131nd\u0131r\u2019\u0131 ziyaret eden Tugay, Zeytinova Mahallesi sakinlerinin sahur sofras\u0131na konuk oldu.<br \/>\n<br \/>Bay\u0131nd\u0131r Belediye Ba\u015fkan\u0131 Sakarsu ile birlikte mahalle halk\u0131yla sahur yapan Tugay, vatanda\u015flarla sohbet ederek talep ve \u00f6nerileri dinledi. Mahalle sakinlerinin yo\u011fun ilgisiyle kar\u015f\u0131lanan bulu\u015fmada Ramazan ay\u0131n\u0131n birlik, beraberlik ve dayan\u0131\u015fma ruhu \u00f6n plana \u00e7\u0131kt\u0131. Vatanda\u015flarla birlikte edilen dualar\u0131n ard\u0131ndan sahur bereketi payla\u015f\u0131ld\u0131.<br \/>\n<br \/>Ziyaret s\u0131ras\u0131nda konu\u015fan Tugay, Ramazan ay\u0131n\u0131n payla\u015fma ve dayan\u0131\u015fman\u0131n en g\u00fczel \u015fekilde ya\u015fand\u0131\u011f\u0131 d\u00f6nemlerden biri oldu\u011funu belirterek, kentin farkl\u0131 noktalar\u0131nda vatanda\u015flarla bir araya gelmeye devam edeceklerini ifade etti. Tugay, \u0130zmir\u2019in t\u00fcm il\u00e7elerinde Ramazan ay\u0131n\u0131n birlik ve beraberlik i\u00e7erisinde ya\u015fanmas\u0131 i\u00e7in ziyaretlerini s\u00fcrd\u00fcreceklerini s\u00f6yledi.<br \/><\/p>\n","protected":false},"excerpt":{"rendered":"<p>\u0130zmir B\u00fcy\u00fck\u015fehir Belediye Ba\u015fkan\u0131 Dr. Cemil Tugay, Ramazan ay\u0131 kapsam\u0131nda ger\u00e7ekle\u015ftirdi\u011fi il\u00e7e ziyaretleri \u00e7er\u00e7evesinde Bay\u0131nd\u0131r\u2019\u0131n Zeytinova Mahallesi\u2019nde vatanda\u015flarla sahur sofras\u0131nda bir araya geldi. \u0130zmir B\u00fcy\u00fck\u015fehir Belediyesi Ba\u015fkan\u0131 Dr. Cemil Tugay, Ramazan ay\u0131n\u0131n manevi atmosferini vatanda\u015flarla birlikte ya\u015famak amac\u0131yla il\u00e7e ziyaretlerini s\u00fcrd\u00fcr\u00fcyor. Bu kapsamda Bay\u0131nd\u0131r\u2019\u0131 ziyaret eden Tugay, Zeytinova Mahallesi sakinlerinin sahur sofras\u0131na konuk oldu. Bay\u0131nd\u0131r&#8230;<\/p>\n","protected":false},"author":1,"featured_media":92441,"comment_status":"open","ping_status":"open","sticky":false,"template":"","format":"standard","meta":{"_crdt_document":"","footnotes":""},"categories":[1],"tags":[],"class_list":["post-92440","post","type-post","status-publish","format-standard","has-post-thumbnail","hentry","category-guncel"],"_links":{"self":[{"href":"https:\/\/www.egemtv.com\/index.php?rest_route=\/wp\/v2\/posts\/92440","targetHints":{"allow":["GET"]}}],"collection":[{"href":"https:\/\/www.egemtv.com\/index.php?rest_route=\/wp\/v2\/posts"}],"about":[{"href":"https:\/\/www.egemtv.com\/index.php?rest_route=\/wp\/v2\/types\/post"}],"author":[{"embeddable":true,"href":"https:\/\/www.egemtv.com\/index.php?rest_route=\/wp\/v2\/users\/1"}],"replies":[{"embeddable":true,"href":"https:\/\/www.egemtv.com\/index.php?rest_route=%2Fwp%2Fv2%2Fcomments&post=92440"}],"version-history":[{"count":1,"href":"https:\/\/www.egemtv.com\/index.php?rest_route=\/wp\/v2\/posts\/92440\/revisions"}],"predecessor-version":[{"id":92442,"href":"https:\/\/www.egemtv.com\/index.php?rest_route=\/wp\/v2\/posts\/92440\/revisions\/92442"}],"wp:featuredmedia":[{"embeddable":true,"href":"https:\/\/www.egemtv.com\/index.php?rest_route=\/wp\/v2\/media\/92441"}],"wp:attachment":[{"href":"https:\/\/www.egemtv.com\/index.php?rest_route=%2Fwp%2Fv2%2Fmedia&parent=92440"}],"wp:term":[{"taxonomy":"category","embeddable":true,"href":"https:\/\/www.egemtv.com\/index.php?rest_route=%2Fwp%2Fv2%2Fcategories&post=92440"},{"taxonomy":"post_tag","embeddable":true,"href":"https:\/\/www.egemtv.com\/index.php?rest_route=%2Fwp%2Fv2%2Ftags&post=92440"}],"curies":[{"name":"wp","href":"https:\/\/api.w.org\/{rel}","templated":true}]}}