{"id":92437,"date":"2026-03-07T09:55:32","date_gmt":"2026-03-07T06:55:32","guid":{"rendered":"https:\/\/www.egemtv.com\/?p=92437"},"modified":"2026-03-07T09:55:33","modified_gmt":"2026-03-07T06:55:33","slug":"saruhanlida-22-milyon-tllik-altyapi-seferberligi","status":"publish","type":"post","link":"https:\/\/www.egemtv.com\/?p=92437","title":{"rendered":"Saruhanl\u0131\u2019da 22 milyon TL\u2019lik altyap\u0131 seferberli\u011fi"},"content":{"rendered":"<p>Manisa B\u00fcy\u00fck\u015fehir Belediye Ba\u015fkan\u0131 Besim Dutlulu, Saruhanl\u0131 il\u00e7esinde ba\u015flat\u0131lan 22 milyon TL\u2019lik altyap\u0131 \u00e7al\u0131\u015fmalar\u0131n\u0131 yerinde inceleyerek, il\u00e7ede kronikle\u015fmi\u015f altyap\u0131 sorunlar\u0131n\u0131n \u00e7\u00f6z\u00fclece\u011fini ve \u00e7al\u0131\u015fmalar\u0131n tamamlanmas\u0131n\u0131n ard\u0131ndan kapsaml\u0131 \u00fcstyap\u0131 d\u00fczenlemelerine ba\u015flanaca\u011f\u0131n\u0131 s\u00f6yledi.<br \/>\n<br \/>Manisa B\u00fcy\u00fck\u015fehir Belediyesi ile MASK\u0130 Genel M\u00fcd\u00fcrl\u00fc\u011f\u00fc koordinasyonunda Saruhanl\u0131 il\u00e7esinde b\u00fcy\u00fck bir altyap\u0131 d\u00f6n\u00fc\u015f\u00fcm\u00fc ba\u015flat\u0131ld\u0131. \u0130l\u00e7e merkezinde 7 Eyl\u00fcl, H\u00fck\u00fcmet, Gaziosmanpa\u015fa ve Atat\u00fcrk caddelerinde e\u015f zamanl\u0131 y\u00fcr\u00fct\u00fclen \u00e7al\u0131\u015fmalar kapsam\u0131nda \u00f6mr\u00fcn\u00fc tamamlayan i\u00e7me suyu hatlar\u0131 yenilenirken, ya\u011fmur suyu altyap\u0131s\u0131 da g\u00fc\u00e7lendiriliyor.<\/p>\n<p>\u00c7al\u0131\u015fmalar\u0131 sahada inceledi<br \/>\n<br \/>Manisa B\u00fcy\u00fck\u015fehir Belediye Ba\u015fkan\u0131 Besim Dutlulu, y\u00fcr\u00fct\u00fclen \u00e7al\u0131\u015fmalar\u0131 yerinde inceleyerek yetkililerden bilgi ald\u0131. \u0130ncelemeler s\u0131ras\u0131nda Dutlulu\u2019ya MASK\u0130 Genel M\u00fcd\u00fcr\u00fc Ali K\u0131l\u0131\u00e7, Genel Sekreter Yard\u0131mc\u0131lar\u0131 P\u0131nar Mine Hac\u0131alibeyo\u011flu, Ahmet Ata Temiz, Ula\u015f Ayd\u0131n ve Erk Kayaba\u015f e\u015flik etti.<\/p>\n<p>&#8220;Saruhanl\u0131\u2019n\u0131n gelece\u011fini g\u00fcvence alt\u0131na al\u0131yoruz&#8221;<br \/>\n<br \/>\u00c7al\u0131\u015fmalar\u0131n \u00f6nemine dikkat \u00e7eken Ba\u015fkan Dutlulu, Saruhanl\u0131\u2019da altyap\u0131 seferberli\u011fi ba\u015flatt\u0131klar\u0131n\u0131 belirterek, &#8220;Saruhanl\u0131\u2019da ba\u015flatt\u0131\u011f\u0131m\u0131z altyap\u0131 \u00e7al\u0131\u015fmalar\u0131yla il\u00e7emizin gelece\u011fini g\u00fcvence alt\u0131na al\u0131yoruz. \u0130lk etapta kronikle\u015fmi\u015f sorunlar\u0131 \u00e7\u00f6zmek i\u00e7in eskiyen hatlar\u0131 yeniliyor ve ya\u011fmur suyu altyap\u0131s\u0131n\u0131 g\u00fc\u00e7lendiriyoruz. Altyap\u0131y\u0131 tamamen sa\u011flam hale getirdikten sonra \u00fcstyap\u0131 \u00e7al\u0131\u015fmalar\u0131na ge\u00e7erek caddelerimizi s\u0131cak asfalt ve modern d\u00fczenlemelerle yenileyip vatanda\u015flar\u0131m\u0131z\u0131n hizmetine sunaca\u011f\u0131z&#8221; dedi.<\/p>\n<p>Altyap\u0131 tamamen yenileniyor<br \/>\n<br \/>Proje kapsam\u0131nda MASK\u0130 Genel M\u00fcd\u00fcrl\u00fc\u011f\u00fc taraf\u0131ndan y\u00fcr\u00fct\u00fclen \u00e7al\u0131\u015fmalarla Saruhanl\u0131\u2019n\u0131n altyap\u0131s\u0131 modern hale getiriliyor. Ekonomik \u00f6mr\u00fcn\u00fc tamamlayan 6 bin 500 metrelik ana \u015febeke hatt\u0131 ile 900 bran\u015fman hatt\u0131 tamamen yenileniyor. B\u00f6ylece vatanda\u015flara daha sa\u011fl\u0131kl\u0131 ve kesintisiz i\u00e7me suyu ula\u015ft\u0131r\u0131lmas\u0131 hedefleniyor.<br \/>\n<br \/>Ayr\u0131ca 7 Eyl\u00fcl, Gaziosmanpa\u015fa ve H\u00fck\u00fcmet caddelerinde verimli \u00e7al\u0131\u015fmayan 1.700 metrelik ya\u011fmur suyu hatt\u0131 yenilenerek muhtemel su bask\u0131nlar\u0131n\u0131n \u00f6n\u00fcne ge\u00e7ilmesi ama\u00e7lan\u0131yor.<br \/>\n<br \/>MASK\u0130 Kanalizasyon Dairesi Ba\u015fkan\u0131 \u015eahika Orhan, B\u00fcy\u00fck\u015fehir Belediyesi\u2019nin il genelinde ba\u015flatt\u0131\u011f\u0131 \u00fcstyap\u0131 hamlesi \u00f6ncesinde altyap\u0131y\u0131 g\u00fc\u00e7lendirmenin \u00f6ncelikli hedefleri oldu\u011funu ifade ederken, MASK\u0130 \u0130\u00e7me Suyu Dairesi Ba\u015fkan\u0131 Necip Kurtar\u0131c\u0131 da il\u00e7enin ana arterlerinde yenilenen hatlarla altyap\u0131n\u0131n modernize edildi\u011fini belirtti.<br \/>\n<br \/>Yetkililer, Manisa B\u00fcy\u00fck\u015fehir Belediyesi ve MASK\u0130 Genel M\u00fcd\u00fcrl\u00fc\u011f\u00fc\u2019n\u00fcn koordineli \u00e7al\u0131\u015fmalar\u0131yla Saruhanl\u0131\u2019da altyap\u0131 ve \u00fcstyap\u0131 d\u00f6n\u00fc\u015f\u00fcm\u00fcn\u00fcn planlanan takvim do\u011frultusunda devam edece\u011fini kaydetti.<br \/><\/p>\n","protected":false},"excerpt":{"rendered":"<p>Manisa B\u00fcy\u00fck\u015fehir Belediye Ba\u015fkan\u0131 Besim Dutlulu, Saruhanl\u0131 il\u00e7esinde ba\u015flat\u0131lan 22 milyon TL\u2019lik altyap\u0131 \u00e7al\u0131\u015fmalar\u0131n\u0131 yerinde inceleyerek, il\u00e7ede kronikle\u015fmi\u015f altyap\u0131 sorunlar\u0131n\u0131n \u00e7\u00f6z\u00fclece\u011fini ve \u00e7al\u0131\u015fmalar\u0131n tamamlanmas\u0131n\u0131n ard\u0131ndan kapsaml\u0131 \u00fcstyap\u0131 d\u00fczenlemelerine ba\u015flanaca\u011f\u0131n\u0131 s\u00f6yledi. Manisa B\u00fcy\u00fck\u015fehir Belediyesi ile MASK\u0130 Genel M\u00fcd\u00fcrl\u00fc\u011f\u00fc koordinasyonunda Saruhanl\u0131 il\u00e7esinde b\u00fcy\u00fck bir altyap\u0131 d\u00f6n\u00fc\u015f\u00fcm\u00fc ba\u015flat\u0131ld\u0131. \u0130l\u00e7e merkezinde 7 Eyl\u00fcl, H\u00fck\u00fcmet, Gaziosmanpa\u015fa ve Atat\u00fcrk caddelerinde e\u015f&#8230;<\/p>\n","protected":false},"author":1,"featured_media":92438,"comment_status":"open","ping_status":"open","sticky":false,"template":"","format":"standard","meta":{"_crdt_document":"","footnotes":""},"categories":[125],"tags":[],"class_list":["post-92437","post","type-post","status-publish","format-standard","has-post-thumbnail","hentry","category-ekonomi"],"_links":{"self":[{"href":"https:\/\/www.egemtv.com\/index.php?rest_route=\/wp\/v2\/posts\/92437","targetHints":{"allow":["GET"]}}],"collection":[{"href":"https:\/\/www.egemtv.com\/index.php?rest_route=\/wp\/v2\/posts"}],"about":[{"href":"https:\/\/www.egemtv.com\/index.php?rest_route=\/wp\/v2\/types\/post"}],"author":[{"embeddable":true,"href":"https:\/\/www.egemtv.com\/index.php?rest_route=\/wp\/v2\/users\/1"}],"replies":[{"embeddable":true,"href":"https:\/\/www.egemtv.com\/index.php?rest_route=%2Fwp%2Fv2%2Fcomments&post=92437"}],"version-history":[{"count":1,"href":"https:\/\/www.egemtv.com\/index.php?rest_route=\/wp\/v2\/posts\/92437\/revisions"}],"predecessor-version":[{"id":92439,"href":"https:\/\/www.egemtv.com\/index.php?rest_route=\/wp\/v2\/posts\/92437\/revisions\/92439"}],"wp:featuredmedia":[{"embeddable":true,"href":"https:\/\/www.egemtv.com\/index.php?rest_route=\/wp\/v2\/media\/92438"}],"wp:attachment":[{"href":"https:\/\/www.egemtv.com\/index.php?rest_route=%2Fwp%2Fv2%2Fmedia&parent=92437"}],"wp:term":[{"taxonomy":"category","embeddable":true,"href":"https:\/\/www.egemtv.com\/index.php?rest_route=%2Fwp%2Fv2%2Fcategories&post=92437"},{"taxonomy":"post_tag","embeddable":true,"href":"https:\/\/www.egemtv.com\/index.php?rest_route=%2Fwp%2Fv2%2Ftags&post=92437"}],"curies":[{"name":"wp","href":"https:\/\/api.w.org\/{rel}","templated":true}]}}