{"id":92434,"date":"2026-03-07T09:55:31","date_gmt":"2026-03-07T06:55:31","guid":{"rendered":"https:\/\/www.egemtv.com\/?p=92434"},"modified":"2026-03-07T09:55:32","modified_gmt":"2026-03-07T06:55:32","slug":"aydinda-nakil-belgesiz-290-kasa-baliga-el-konuldu","status":"publish","type":"post","link":"https:\/\/www.egemtv.com\/?p=92434","title":{"rendered":"Ayd\u0131n\u2019da nakil belgesiz 290 kasa bal\u0131\u011fa el konuldu"},"content":{"rendered":"<p>Ayd\u0131n\u2019da su \u00fcr\u00fcnleri denetimleri s\u0131ras\u0131nda nakil belgesi bulunmayan bir ara\u00e7ta ta\u015f\u0131nan 290 kasa bal\u0131\u011fa el konulurken, ara\u00e7 sahibine idari para cezas\u0131 uyguland\u0131.<br \/>\n<br \/>Su \u00fcr\u00fcnleri avc\u0131l\u0131\u011f\u0131nda s\u00fcrd\u00fcr\u00fclebilirli\u011fin sa\u011flanmas\u0131, su \u00fcr\u00fcnleri kaynaklar\u0131n\u0131n korunmas\u0131 ve yasak ile ka\u00e7ak avc\u0131l\u0131kla m\u00fccadelede cayd\u0131r\u0131c\u0131l\u0131\u011f\u0131n art\u0131r\u0131lmas\u0131 amac\u0131yla Ayd\u0131n \u0130l Tar\u0131m ve Orman M\u00fcd\u00fcrl\u00fc\u011f\u00fc ile il\u00e7e m\u00fcd\u00fcrl\u00fckleri ekipleri taraf\u0131ndan yol denetimleri ger\u00e7ekle\u015ftirildi. Ger\u00e7ekle\u015ftirilen denetimlerde nakil belgesi bulunmayan bir ara\u00e7 tespit edildi. Ara\u00e7ta yap\u0131lan kontrollerde bulunan 290 kasa bal\u0131\u011fa el konulurken, ilgili mevzuat kapsam\u0131nda ara\u00e7 sahibine idari para cezas\u0131 uyguland\u0131. Su \u00fcr\u00fcnleri kaynaklar\u0131n\u0131n korunmas\u0131 ve s\u00fcrd\u00fcr\u00fclebilir avc\u0131l\u0131\u011f\u0131n sa\u011flanmas\u0131 amac\u0131yla denetimlerin aral\u0131ks\u0131z devam edece\u011fini belirten Ayd\u0131n \u0130l Tar\u0131m ve Orman M\u00fcd\u00fcrl\u00fc\u011f\u00fc\u2019nden yap\u0131lan a\u00e7\u0131klamada &#8220;Su \u00dcr\u00fcnleri Avc\u0131l\u0131\u011f\u0131nda s\u00fcrd\u00fcr\u00fclebilirli\u011fin sa\u011flanmas\u0131, su \u00fcr\u00fcnleri kaynaklar\u0131n\u0131n korunmas\u0131 ve yasak ile ka\u00e7ak avc\u0131l\u0131kla m\u00fccadelede cayd\u0131r\u0131c\u0131l\u0131\u011f\u0131n art\u0131r\u0131lmas\u0131 amac\u0131yla il ve il\u00e7e m\u00fcd\u00fcrl\u00fcklerimiz taraf\u0131ndan yol denetimleri ger\u00e7ekle\u015ftirilmektedir. Ger\u00e7ekle\u015ftirilen denetimlerde nakil belgesi bulunmayan bir ara\u00e7 tespit edilmi\u015f, ilgili mevzuat kapsam\u0131nda cezai i\u015flem uygulanm\u0131\u015ft\u0131r. Ara\u00e7ta bulunan 290 kasa bal\u0131\u011fa el konulmu\u015ftur&#8221; ifadeleri yer ald\u0131.<br \/><\/p>\n","protected":false},"excerpt":{"rendered":"<p>Ayd\u0131n\u2019da su \u00fcr\u00fcnleri denetimleri s\u0131ras\u0131nda nakil belgesi bulunmayan bir ara\u00e7ta ta\u015f\u0131nan 290 kasa bal\u0131\u011fa el konulurken, ara\u00e7 sahibine idari para cezas\u0131 uyguland\u0131. Su \u00fcr\u00fcnleri avc\u0131l\u0131\u011f\u0131nda s\u00fcrd\u00fcr\u00fclebilirli\u011fin sa\u011flanmas\u0131, su \u00fcr\u00fcnleri kaynaklar\u0131n\u0131n korunmas\u0131 ve yasak ile ka\u00e7ak avc\u0131l\u0131kla m\u00fccadelede cayd\u0131r\u0131c\u0131l\u0131\u011f\u0131n art\u0131r\u0131lmas\u0131 amac\u0131yla Ayd\u0131n \u0130l Tar\u0131m ve Orman M\u00fcd\u00fcrl\u00fc\u011f\u00fc ile il\u00e7e m\u00fcd\u00fcrl\u00fckleri ekipleri taraf\u0131ndan yol denetimleri ger\u00e7ekle\u015ftirildi. Ger\u00e7ekle\u015ftirilen&#8230;<\/p>\n","protected":false},"author":1,"featured_media":92435,"comment_status":"open","ping_status":"open","sticky":false,"template":"","format":"standard","meta":{"_crdt_document":"","footnotes":""},"categories":[5],"tags":[],"class_list":["post-92434","post","type-post","status-publish","format-standard","has-post-thumbnail","hentry","category-asayis"],"_links":{"self":[{"href":"https:\/\/www.egemtv.com\/index.php?rest_route=\/wp\/v2\/posts\/92434","targetHints":{"allow":["GET"]}}],"collection":[{"href":"https:\/\/www.egemtv.com\/index.php?rest_route=\/wp\/v2\/posts"}],"about":[{"href":"https:\/\/www.egemtv.com\/index.php?rest_route=\/wp\/v2\/types\/post"}],"author":[{"embeddable":true,"href":"https:\/\/www.egemtv.com\/index.php?rest_route=\/wp\/v2\/users\/1"}],"replies":[{"embeddable":true,"href":"https:\/\/www.egemtv.com\/index.php?rest_route=%2Fwp%2Fv2%2Fcomments&post=92434"}],"version-history":[{"count":1,"href":"https:\/\/www.egemtv.com\/index.php?rest_route=\/wp\/v2\/posts\/92434\/revisions"}],"predecessor-version":[{"id":92436,"href":"https:\/\/www.egemtv.com\/index.php?rest_route=\/wp\/v2\/posts\/92434\/revisions\/92436"}],"wp:featuredmedia":[{"embeddable":true,"href":"https:\/\/www.egemtv.com\/index.php?rest_route=\/wp\/v2\/media\/92435"}],"wp:attachment":[{"href":"https:\/\/www.egemtv.com\/index.php?rest_route=%2Fwp%2Fv2%2Fmedia&parent=92434"}],"wp:term":[{"taxonomy":"category","embeddable":true,"href":"https:\/\/www.egemtv.com\/index.php?rest_route=%2Fwp%2Fv2%2Fcategories&post=92434"},{"taxonomy":"post_tag","embeddable":true,"href":"https:\/\/www.egemtv.com\/index.php?rest_route=%2Fwp%2Fv2%2Ftags&post=92434"}],"curies":[{"name":"wp","href":"https:\/\/api.w.org\/{rel}","templated":true}]}}