{"id":92428,"date":"2026-03-07T09:55:30","date_gmt":"2026-03-07T06:55:30","guid":{"rendered":"https:\/\/www.egemtv.com\/?p=92428"},"modified":"2026-03-07T09:55:30","modified_gmt":"2026-03-07T06:55:30","slug":"manisanin-tescilli-lezzeti-sahur-sofralarinin-vazgecilmezi","status":"publish","type":"post","link":"https:\/\/www.egemtv.com\/?p=92428","title":{"rendered":"Manisa\u2019n\u0131n tescilli lezzeti sahur sofralar\u0131n\u0131n vazge\u00e7ilmezi"},"content":{"rendered":"<p>Osmanl\u0131\u2019dan g\u00fcn\u00fcm\u00fcze ta\u015f\u0131nan gastronomi miras\u0131yla dikkat \u00e7eken Manisa\u2019da, Ramazan ay\u0131nda co\u011frafi i\u015faretle tescillenen Manisa Taban Simidi ve as\u0131rl\u0131k lezzet nohut ekme\u011fi, sahur sofralar\u0131n\u0131n de\u011fi\u015fmezi haline geldi.<br \/>\n<br \/>T\u00fcrkiye\u2019nin \u00f6nemli gastronomi illeri aras\u0131nda yer alan Manisa\u2019da T\u00fcrk Patent ve Marka Kurumu taraf\u0131ndan 2018 y\u0131l\u0131nda co\u011frafi i\u015faretle tescillenen Manisa Taban Simidi ve as\u0131rl\u0131k lezzet nohut ekme\u011fi sahur sofralar\u0131n\u0131 zenginle\u015ftiriyor. Manisa\u2019n\u0131n k\u00fclt\u00fcrel kimli\u011finin ayr\u0131lmaz bir par\u00e7as\u0131 olan taban simidini di\u011fer simitlerden ay\u0131ran en b\u00fcy\u00fck \u00f6zellik, \u00fcretiminde end\u00fcstriyel maya yerine tamamen do\u011fal &#8220;nohut mayas\u0131&#8221; kullan\u0131lmas\u0131. K\u0131r\u0131lan nohutlar\u0131n s\u0131cak suyla bekletilerek elde edilen do\u011fal fermente y\u00f6ntemiyle haz\u0131rlanan hamur, mideyi yormamas\u0131 ve uzun s\u00fcre tok tutmas\u0131 nedeniyle sahur vaktinde tercih listesinin ba\u015f\u0131nda yer al\u0131yor.<br \/>\n<br \/>Ustadan \u00e7\u0131ra\u011fa aktar\u0131lan geleneksel y\u00f6ntemlerle haz\u0131rlanan hamurlar, hi\u00e7bir katk\u0131 maddesi i\u00e7ermeden me\u015fe odunu ate\u015finde ta\u015f f\u0131r\u0131nlarda pi\u015firilerek kendine has kehribar rengine ve aromas\u0131na kavu\u015fuyor.<br \/>\n<br \/>Ustalar\u0131ndan \u00f6\u011frendi\u011fi as\u0131rl\u0131k gelene\u011fi 1970\u2019li y\u0131llarda Manisa\u2019ya ta\u015f\u0131yan ve sonras\u0131nda yapt\u0131\u011f\u0131 giri\u015fimlerle Taban Simidine co\u011frafi tescil alan \u0130smail G\u00fcltekin, Ramazan ay\u0131 boyunca mesaisini iftar sonras\u0131ndan sahur vaktine kadar kayd\u0131rd\u0131.<\/p>\n<p>&#8220;Manisa\u2019da \u2018gece simidi\u2019 kavram\u0131n\u0131 ba\u015flatt\u0131k&#8221;<br \/>\n<br \/>\u0130\u015fletme sahibi ve taban simidinin co\u011frafi i\u015faret tescil s\u00fcrecindeki \u00f6nc\u00fc isimlerden biri olan emektar usta \u0130smail G\u00fcltekin, bu gelene\u011fi ya\u015fatman\u0131n gururunu ya\u015fad\u0131klar\u0131n\u0131 belirterek, &#8220;1975\u2019ten beri ben bu taban simidini \u00fcretmeye devam ediyorum. Benim eski f\u0131r\u0131n\u0131mda 30 \u00e7ocuk simit satard\u0131. Darbe zamanlar\u0131nda \u2018Bu simitleri kim sat\u0131yor? Burada ne yap\u0131yorsunuz?\u2019 diye sorduklar\u0131nda ben de onlara \u00e7ocuklar\u0131n evlerine ekmek g\u00f6t\u00fcrd\u00fcklerini belirterek f\u0131r\u0131n\u0131m\u0131 kapatmad\u0131m. Manisa\u2019da grevler varken gece ekmek \u00e7\u0131karan f\u0131r\u0131n yokken geceleri taban simidi \u00e7\u0131kararak Manisal\u0131lar\u0131 \u2018Gece simidi\u2019 kavram\u0131na al\u0131\u015ft\u0131rd\u0131k. Manisal\u0131lar da gece simidini \u00e7ok sevdi ve biz de devam ettiriyoruz&#8221; dedi.<br \/>\n<br \/>Taban simidinde \u00f6nemli olan fakt\u00f6r\u00fcn nohut mayas\u0131 oldu\u011funa dikkat \u00e7eken G\u00fcltekin, &#8220;Maya \u00e7ok \u00f6nemli. Mayas\u0131nda \u00f6zellik var, ustal\u0131k var. Bilgi isteyen bir i\u015f. Mekanlar\u0131m\u0131z kara f\u0131r\u0131nd\u0131r. \u0130\u015f kara f\u0131r\u0131nda de\u011fil belki ama bizim tavsiyemiz bu simidi kara f\u0131r\u0131nda pi\u015firilmesi&#8221; diye konu\u015ftu.<\/p>\n<p>&#8220;Manisa Mesir Macunu bizden 7 ay sonra co\u011frafi i\u015fareti ald\u0131&#8221;<br \/>\n<br \/>Taban simidinin Manisa i\u00e7in \u00f6nemli bir lezzet oldu\u011funu belirten G\u00fcltekin, &#8220;D\u00fcnyan\u0131n en g\u00fczel simidi bu. Ben ba\u015fka simit tan\u0131mam. Bizim co\u011frafi i\u015faretimiz de var. Bize de bir g\u00fcven veriyor. Biz m\u00fcracaat ettikten sonra 8 y\u0131l Ankara\u2019ya gittik geldik. Kolay verilmiyor co\u011frafi i\u015faret. \u015eimdi odalar birli\u011fi taraf\u0131ndan co\u011frafi i\u015faret veriliyor. Ankara\u2019da u\u011fra\u015fmaya gerek yok. Manisa Mesir Macunu bizden 7 ay sonra co\u011frafi i\u015fareti ald\u0131. Biz tavsiye ettik m\u00fcracaat ettiler. Onlara hemen verdiler co\u011frafi i\u015fareti. Tabi Mesir Macunu co\u011frafi i\u015fareti hak ediyor. Tabi s\u00fcrekli gelip kontrol ediliyoruz. Do\u011fru mu yanl\u0131\u015f m\u0131 yap\u0131yoruz diye Ankara\u2019dan heyet gelip kontrol ediyor&#8221; dedi.<br \/><\/p>\n","protected":false},"excerpt":{"rendered":"<p>Osmanl\u0131\u2019dan g\u00fcn\u00fcm\u00fcze ta\u015f\u0131nan gastronomi miras\u0131yla dikkat \u00e7eken Manisa\u2019da, Ramazan ay\u0131nda co\u011frafi i\u015faretle tescillenen Manisa Taban Simidi ve as\u0131rl\u0131k lezzet nohut ekme\u011fi, sahur sofralar\u0131n\u0131n de\u011fi\u015fmezi haline geldi. T\u00fcrkiye\u2019nin \u00f6nemli gastronomi illeri aras\u0131nda yer alan Manisa\u2019da T\u00fcrk Patent ve Marka Kurumu taraf\u0131ndan 2018 y\u0131l\u0131nda co\u011frafi i\u015faretle tescillenen Manisa Taban Simidi ve as\u0131rl\u0131k lezzet nohut ekme\u011fi sahur sofralar\u0131n\u0131&#8230;<\/p>\n","protected":false},"author":1,"featured_media":92429,"comment_status":"open","ping_status":"open","sticky":false,"template":"","format":"standard","meta":{"_crdt_document":"","footnotes":""},"categories":[1],"tags":[],"class_list":["post-92428","post","type-post","status-publish","format-standard","has-post-thumbnail","hentry","category-guncel"],"_links":{"self":[{"href":"https:\/\/www.egemtv.com\/index.php?rest_route=\/wp\/v2\/posts\/92428","targetHints":{"allow":["GET"]}}],"collection":[{"href":"https:\/\/www.egemtv.com\/index.php?rest_route=\/wp\/v2\/posts"}],"about":[{"href":"https:\/\/www.egemtv.com\/index.php?rest_route=\/wp\/v2\/types\/post"}],"author":[{"embeddable":true,"href":"https:\/\/www.egemtv.com\/index.php?rest_route=\/wp\/v2\/users\/1"}],"replies":[{"embeddable":true,"href":"https:\/\/www.egemtv.com\/index.php?rest_route=%2Fwp%2Fv2%2Fcomments&post=92428"}],"version-history":[{"count":1,"href":"https:\/\/www.egemtv.com\/index.php?rest_route=\/wp\/v2\/posts\/92428\/revisions"}],"predecessor-version":[{"id":92430,"href":"https:\/\/www.egemtv.com\/index.php?rest_route=\/wp\/v2\/posts\/92428\/revisions\/92430"}],"wp:featuredmedia":[{"embeddable":true,"href":"https:\/\/www.egemtv.com\/index.php?rest_route=\/wp\/v2\/media\/92429"}],"wp:attachment":[{"href":"https:\/\/www.egemtv.com\/index.php?rest_route=%2Fwp%2Fv2%2Fmedia&parent=92428"}],"wp:term":[{"taxonomy":"category","embeddable":true,"href":"https:\/\/www.egemtv.com\/index.php?rest_route=%2Fwp%2Fv2%2Fcategories&post=92428"},{"taxonomy":"post_tag","embeddable":true,"href":"https:\/\/www.egemtv.com\/index.php?rest_route=%2Fwp%2Fv2%2Ftags&post=92428"}],"curies":[{"name":"wp","href":"https:\/\/api.w.org\/{rel}","templated":true}]}}