{"id":92425,"date":"2026-03-07T09:55:29","date_gmt":"2026-03-07T06:55:29","guid":{"rendered":"https:\/\/www.egemtv.com\/?p=92425"},"modified":"2026-03-07T09:55:30","modified_gmt":"2026-03-07T06:55:30","slug":"sarigolde-sehit-aileleri-ve-gaziler-onuruna-iftar-programi","status":"publish","type":"post","link":"https:\/\/www.egemtv.com\/?p=92425","title":{"rendered":"Sar\u0131g\u00f6l\u2019de \u015fehit aileleri ve gaziler onuruna iftar program\u0131"},"content":{"rendered":"<p>Manisa\u2019n\u0131n Sar\u0131g\u00f6l il\u00e7esinde Kaymakaml\u0131k taraf\u0131ndan \u015fehit aileleri ve gaziler onuruna iftar program\u0131 d\u00fczenlendi.<br \/>\n<br \/>Sar\u0131g\u00f6l Kaymakam\u0131 Halil Dalak ve e\u015fi Ayfer Dalak\u2019\u0131n ev sahipli\u011finde ger\u00e7ekle\u015ftirilen iftar program\u0131nda \u015fehit aileleri, gaziler ve kurum amirleri bir araya geldi. Ramazan ay\u0131 boyunca \u015fehit aileleri ve gazileri evlerinde ziyaret ederek g\u00f6n\u00fcl k\u00f6pr\u00fcs\u00fc kuran Kaymakam Halil Dalak ve e\u015fi, iftar program\u0131nda davetlilerle yak\u0131ndan ilgilenerek samimi bir ortamda a\u011f\u0131rlad\u0131.<br \/>\n<br \/>Programda iftar\u0131n ard\u0131ndan davetlilere semazen g\u00f6sterisi ve mehter g\u00f6sterisi sunuldu. Manevi atmosferin h\u00e2kim oldu\u011fu programda kat\u0131l\u0131mc\u0131lar Ramazan ay\u0131n\u0131n birlik ve beraberlik ruhunu birlikte ya\u015fad\u0131.<br \/>\n<br \/>\u0130ftar program\u0131nda konu\u015fan Sar\u0131g\u00f6l Kaymakam\u0131 Halil Dalak, &#8220;Ramazan ay\u0131n\u0131n manevi atmosferi i\u00e7erisinde \u015fehit ailelerimiz, gazilerimiz ve kurum amirlerimizle birlikte iftar a\u00e7man\u0131n mutlulu\u011funu ya\u015f\u0131yoruz. Aziz \u015fehitlerimizin emanetleri olan aileleri ve kahraman gazilerimiz her zaman ba\u015f\u0131m\u0131z\u0131n tac\u0131d\u0131r&#8221; dedi.<br \/>\n<br \/>D\u00fczenlenen iftar program\u0131na Sar\u0131g\u00f6l Belediye Ba\u015fkan\u0131 Tahsin Akdeniz, Ala\u015fehir \u0130l\u00e7e Jandarma Karakol Komutan\u0131 Binba\u015f\u0131 Yal\u00e7\u0131n G\u00fcrenci, daire amirleri, \u015fehit aileleri, gaziler ve e\u015fleri kat\u0131ld\u0131.<br \/><\/p>\n","protected":false},"excerpt":{"rendered":"<p>Manisa\u2019n\u0131n Sar\u0131g\u00f6l il\u00e7esinde Kaymakaml\u0131k taraf\u0131ndan \u015fehit aileleri ve gaziler onuruna iftar program\u0131 d\u00fczenlendi. Sar\u0131g\u00f6l Kaymakam\u0131 Halil Dalak ve e\u015fi Ayfer Dalak\u2019\u0131n ev sahipli\u011finde ger\u00e7ekle\u015ftirilen iftar program\u0131nda \u015fehit aileleri, gaziler ve kurum amirleri bir araya geldi. Ramazan ay\u0131 boyunca \u015fehit aileleri ve gazileri evlerinde ziyaret ederek g\u00f6n\u00fcl k\u00f6pr\u00fcs\u00fc kuran Kaymakam Halil Dalak ve e\u015fi, iftar program\u0131nda&#8230;<\/p>\n","protected":false},"author":1,"featured_media":92426,"comment_status":"open","ping_status":"open","sticky":false,"template":"","format":"standard","meta":{"_crdt_document":"","footnotes":""},"categories":[123],"tags":[],"class_list":["post-92425","post","type-post","status-publish","format-standard","has-post-thumbnail","hentry","category-gundem"],"_links":{"self":[{"href":"https:\/\/www.egemtv.com\/index.php?rest_route=\/wp\/v2\/posts\/92425","targetHints":{"allow":["GET"]}}],"collection":[{"href":"https:\/\/www.egemtv.com\/index.php?rest_route=\/wp\/v2\/posts"}],"about":[{"href":"https:\/\/www.egemtv.com\/index.php?rest_route=\/wp\/v2\/types\/post"}],"author":[{"embeddable":true,"href":"https:\/\/www.egemtv.com\/index.php?rest_route=\/wp\/v2\/users\/1"}],"replies":[{"embeddable":true,"href":"https:\/\/www.egemtv.com\/index.php?rest_route=%2Fwp%2Fv2%2Fcomments&post=92425"}],"version-history":[{"count":1,"href":"https:\/\/www.egemtv.com\/index.php?rest_route=\/wp\/v2\/posts\/92425\/revisions"}],"predecessor-version":[{"id":92427,"href":"https:\/\/www.egemtv.com\/index.php?rest_route=\/wp\/v2\/posts\/92425\/revisions\/92427"}],"wp:featuredmedia":[{"embeddable":true,"href":"https:\/\/www.egemtv.com\/index.php?rest_route=\/wp\/v2\/media\/92426"}],"wp:attachment":[{"href":"https:\/\/www.egemtv.com\/index.php?rest_route=%2Fwp%2Fv2%2Fmedia&parent=92425"}],"wp:term":[{"taxonomy":"category","embeddable":true,"href":"https:\/\/www.egemtv.com\/index.php?rest_route=%2Fwp%2Fv2%2Fcategories&post=92425"},{"taxonomy":"post_tag","embeddable":true,"href":"https:\/\/www.egemtv.com\/index.php?rest_route=%2Fwp%2Fv2%2Ftags&post=92425"}],"curies":[{"name":"wp","href":"https:\/\/api.w.org\/{rel}","templated":true}]}}