{"id":92422,"date":"2026-03-07T09:55:28","date_gmt":"2026-03-07T06:55:28","guid":{"rendered":"https:\/\/www.egemtv.com\/?p=92422"},"modified":"2026-03-07T09:55:29","modified_gmt":"2026-03-07T06:55:29","slug":"manisada-65-yas-ustune-sagliktan-kisisel-bakima-kapsamli-destek","status":"publish","type":"post","link":"https:\/\/www.egemtv.com\/?p=92422","title":{"rendered":"Manisa\u2019da 65 ya\u015f \u00fcst\u00fcne sa\u011fl\u0131ktan ki\u015fisel bak\u0131ma kapsaml\u0131 destek"},"content":{"rendered":"<p>Manisa\u2019da ya\u015fayan 65 ya\u015f ve \u00fczeri dezavantajl\u0131 vatanda\u015flar, Manisa B\u00fcy\u00fck\u015fehir Belediyesi\u2019nin sundu\u011fu psikolog, hem\u015fire, fizyoterapi, ki\u015fisel bak\u0131m, diyetisyen ve kuaf\u00f6rl\u00fck hizmetleriyle hem sa\u011fl\u0131k hem de sosyal anlamda destekleniyor. Evde ve yerinde verilen bu destekler, ya\u015fl\u0131 bireylerin ya\u015fam kalitesi art\u0131r\u0131l\u0131yor.<br \/>\n<br \/>Manisa B\u00fcy\u00fck\u015fehir Belediyesi, sosyal belediyecilik anlay\u0131\u015f\u0131 ve halk sa\u011fl\u0131n\u0131n korunmas\u0131 do\u011frultusunda 65 ya\u015f ve \u00fczeri dezavantajl\u0131 vatanda\u015flara y\u00f6nelik sundu\u011fu kapsaml\u0131 destek hizmetlerini aral\u0131ks\u0131z s\u00fcrd\u00fcr\u00fcyor. Ya\u015f alm\u0131\u015f bireylerin hem fiziksel hem de ruhsal sa\u011fl\u0131klar\u0131n\u0131 korumay\u0131 hedefleyen \u00e7al\u0131\u015fmalar kapsam\u0131nda psikolog, hem\u015fire, fizyoterapi, diyetisyen, ki\u015fisel bak\u0131m ve kuaf\u00f6rl\u00fck hizmetleri profesyonel ekipler taraf\u0131ndan titizlikle veriliyor.<br \/>\n<br \/>Sunulan psikolojik dan\u0131\u015fmanl\u0131k hizmetiyle vatanda\u015flar\u0131n yaln\u0131zl\u0131k, kayg\u0131 ve ya\u015fl\u0131l\u0131\u011fa ba\u011fl\u0131 duygusal zorluklarla ba\u015f etmeleri desteklenirken, hem\u015firelik hizmetleri sayesinde d\u00fczenli sa\u011fl\u0131k kontrolleri ve temel bak\u0131m ihtiya\u00e7lar\u0131 kar\u015f\u0131lan\u0131yor.<br \/>\n<br \/>Fizyoterapi deste\u011fi, hareket kabiliyetini art\u0131rarak ya\u015fam konforunu y\u00fckseltmeye katk\u0131 sa\u011flarken, diyetisyen hizmeti ile ki\u015fiye \u00f6zel beslenme programlar\u0131 haz\u0131rlanarak sa\u011fl\u0131kl\u0131 ya\u015fam te\u015fvik ediliyor. Kuaf\u00f6rl\u00fck hizmeti ise vatanda\u015flar\u0131n sadece fiziksel de\u011fil, moral ve motivasyon a\u00e7\u0131s\u0131ndan da kendilerini iyi hissetmelerine yard\u0131mc\u0131 oluyor. \u00d6zellikle evden \u00e7\u0131kmakta zorlanan bireylere yerinde sunulan bu hizmetler, vatanda\u015flar\u0131n kendilerini iyi hissetmelerine ve yaln\u0131z olmad\u0131klar\u0131n\u0131 fark etmelerine katk\u0131 sa\u011fl\u0131yor.<\/p>\n<p>Hizmetten yararlanmak isteyenler ba\u015fvuru yapabilir<br \/>\n<br \/>&#8220;Evde Bak\u0131m&#8221; hizmetinden yararlanmak isteyen vatanda\u015flar i\u00e7in belediyenin dijital ve telefon \u00fczerindeki eri\u015fim kanallar\u0131 a\u00e7\u0131k tutuluyor. S\u00f6z konusu hizmet hakk\u0131nda detayl\u0131 bilgi almak isteyen vatanda\u015flar, 0236 231 45 80 numaral\u0131 hatt\u0131 arayarak yetkililere ula\u015fabiliyor. Ba\u015fvurular ise belediyenin y\u00f6neti\u015fim portal\u0131 adresi  https:\/\/yonetisim.manisa.bel.tr\/WebBasvuru\/evde-bakim-hizmeti-basvuru-formu#\/ \u00fczerinden veya \u00dcz\u00fcm mobil uygulamas\u0131 arac\u0131l\u0131\u011f\u0131yla her zaman yap\u0131labiliyor.<\/p>\n<p>&#8220;Hastaneye giderken \u00e7ok zorlan\u0131yorduk&#8221;<br \/>\n<br \/>Hizmetten yararlanan vatanda\u015flardan Mediha \u00c7ambel, belediye ekiplerinin deste\u011fiyle hastaneye gitme zorunlulu\u011funun ortadan kalkt\u0131\u011f\u0131n\u0131 belirterek, &#8220;\u00c7ok iyiler. Sekiz ay hastanede kald\u0131ktan sonra eve ge\u00e7tik. Ekipler d\u00fczenli gelmeye ba\u015flad\u0131, b\u00fcy\u00fck bir kolayl\u0131k ya\u015f\u0131yoruz&#8221; ifadelerini kulland\u0131.<\/p>\n<p>&#8220;G\u00f6n\u00fclden yap\u0131yoruz&#8221;<br \/>\n<br \/>Manisa B\u00fcy\u00fck\u015fehir Belediyesi b\u00fcnyesinde g\u00f6rev yapan uzmanlar ise yapt\u0131klar\u0131 i\u015fin bir g\u00f6revden \u00f6te sosyal bir sorumluluk oldu\u011funu vurgulad\u0131.<br \/>\n<br \/>Fizyoterapist Esra H\u00fcsne Da\u011fl\u0131, &#8220;Ba\u015fkan\u0131m\u0131z Besim Dutlulu\u2019ya evde bak\u0131m birimini hayata ge\u00e7irdi\u011fi i\u00e7in te\u015fekk\u00fcr ederiz. Haftada bir veya iki g\u00fcn evlere giderek yapt\u0131\u011f\u0131m\u0131z fizik tedavi uygulamalar\u0131, hastalar\u0131m\u0131z i\u00e7in b\u00fcy\u00fck bir fayda sa\u011fl\u0131yor.&#8221; derken, geriatri bak\u0131m personeli Yaren Demirci, &#8220;Ki\u015fisel bak\u0131m hizmetini sadece fiziksel bir destek de\u011fil, hastalar\u0131m\u0131z\u0131n ya\u015fam kalitesini art\u0131ran bir sosyal hizmet olarak g\u00f6r\u00fcyoruz.&#8221; \u015feklinde konu\u015ftu.<br \/>\n<br \/>Hem\u015fire Gizem Demir, &#8220;Evden \u00e7\u0131kmakta zorlanan vatanda\u015flar\u0131m\u0131z\u0131n ameliyat sonras\u0131 pansuman ve yatak yaras\u0131 bak\u0131mlar\u0131n\u0131 ev konforunda ger\u00e7ekle\u015ftirerek, onlar\u0131 hastane s\u00fcre\u00e7lerinin yorgunlu\u011fundan kurtar\u0131yoruz.&#8221; ifadelerini kullan\u0131rken, kuaf\u00f6r Ferhat Kacar \u015funlar\u0131 s\u00f6yledi: &#8220;Ba\u015fkan\u0131m\u0131z Besim Dutlulu \u00f6nc\u00fcl\u00fc\u011f\u00fcnde, evden \u00e7\u0131kamayan 65 ya\u015f \u00fcst\u00fc b\u00fcy\u00fcklerimize hizmet veriyoruz. Bu i\u015fi can\u0131 g\u00f6n\u00fclden yap\u0131yoruz.&#8221;<br \/><\/p>\n","protected":false},"excerpt":{"rendered":"<p>Manisa\u2019da ya\u015fayan 65 ya\u015f ve \u00fczeri dezavantajl\u0131 vatanda\u015flar, Manisa B\u00fcy\u00fck\u015fehir Belediyesi\u2019nin sundu\u011fu psikolog, hem\u015fire, fizyoterapi, ki\u015fisel bak\u0131m, diyetisyen ve kuaf\u00f6rl\u00fck hizmetleriyle hem sa\u011fl\u0131k hem de sosyal anlamda destekleniyor. Evde ve yerinde verilen bu destekler, ya\u015fl\u0131 bireylerin ya\u015fam kalitesi art\u0131r\u0131l\u0131yor. Manisa B\u00fcy\u00fck\u015fehir Belediyesi, sosyal belediyecilik anlay\u0131\u015f\u0131 ve halk sa\u011fl\u0131n\u0131n korunmas\u0131 do\u011frultusunda 65 ya\u015f ve \u00fczeri dezavantajl\u0131&#8230;<\/p>\n","protected":false},"author":1,"featured_media":92423,"comment_status":"open","ping_status":"open","sticky":false,"template":"","format":"standard","meta":{"_crdt_document":"","footnotes":""},"categories":[2],"tags":[],"class_list":["post-92422","post","type-post","status-publish","format-standard","has-post-thumbnail","hentry","category-saglik"],"_links":{"self":[{"href":"https:\/\/www.egemtv.com\/index.php?rest_route=\/wp\/v2\/posts\/92422","targetHints":{"allow":["GET"]}}],"collection":[{"href":"https:\/\/www.egemtv.com\/index.php?rest_route=\/wp\/v2\/posts"}],"about":[{"href":"https:\/\/www.egemtv.com\/index.php?rest_route=\/wp\/v2\/types\/post"}],"author":[{"embeddable":true,"href":"https:\/\/www.egemtv.com\/index.php?rest_route=\/wp\/v2\/users\/1"}],"replies":[{"embeddable":true,"href":"https:\/\/www.egemtv.com\/index.php?rest_route=%2Fwp%2Fv2%2Fcomments&post=92422"}],"version-history":[{"count":1,"href":"https:\/\/www.egemtv.com\/index.php?rest_route=\/wp\/v2\/posts\/92422\/revisions"}],"predecessor-version":[{"id":92424,"href":"https:\/\/www.egemtv.com\/index.php?rest_route=\/wp\/v2\/posts\/92422\/revisions\/92424"}],"wp:featuredmedia":[{"embeddable":true,"href":"https:\/\/www.egemtv.com\/index.php?rest_route=\/wp\/v2\/media\/92423"}],"wp:attachment":[{"href":"https:\/\/www.egemtv.com\/index.php?rest_route=%2Fwp%2Fv2%2Fmedia&parent=92422"}],"wp:term":[{"taxonomy":"category","embeddable":true,"href":"https:\/\/www.egemtv.com\/index.php?rest_route=%2Fwp%2Fv2%2Fcategories&post=92422"},{"taxonomy":"post_tag","embeddable":true,"href":"https:\/\/www.egemtv.com\/index.php?rest_route=%2Fwp%2Fv2%2Ftags&post=92422"}],"curies":[{"name":"wp","href":"https:\/\/api.w.org\/{rel}","templated":true}]}}