{"id":92419,"date":"2026-03-07T09:55:27","date_gmt":"2026-03-07T06:55:27","guid":{"rendered":"https:\/\/www.egemtv.com\/?p=92419"},"modified":"2026-03-07T09:55:28","modified_gmt":"2026-03-07T06:55:28","slug":"saruhanlida-dere-temizligiyle-koku-ve-sinek-sorunu-bitecek","status":"publish","type":"post","link":"https:\/\/www.egemtv.com\/?p=92419","title":{"rendered":"Saruhanl\u0131\u2019da dere temizli\u011fiyle koku ve sinek sorunu bitecek"},"content":{"rendered":"<p>Manisa B\u00fcy\u00fck\u015fehir Belediye Ba\u015fkan\u0131 Besim Dutlulu, Saruhanl\u0131 il\u00e7esine ba\u011fl\u0131 \u0130shak\u00e7elebi Mahallesi\u2019nde MASK\u0130 Genel M\u00fcd\u00fcrl\u00fc\u011f\u00fc taraf\u0131ndan y\u00fcr\u00fct\u00fclen 1500 metrelik dere temizlik \u00e7al\u0131\u015fmalar\u0131n\u0131 yerinde inceleyerek, \u00e7al\u0131\u015fmalar\u0131n hem \u00e7evre sa\u011fl\u0131\u011f\u0131 hem de ta\u015fk\u0131n riskinin \u00f6nlenmesi a\u00e7\u0131s\u0131ndan b\u00fcy\u00fck \u00f6nem ta\u015f\u0131d\u0131\u011f\u0131n\u0131 s\u00f6yledi.<br \/>\n<br \/>MASK\u0130 Genel M\u00fcd\u00fcrl\u00fc\u011f\u00fc, il genelinde dere temizlik \u00e7al\u0131\u015fmalar\u0131na aral\u0131ks\u0131z devam ediyor. Bu kapsamda \u00c7evre Koruma ve Kontrol Dairesi Ba\u015fkanl\u0131\u011f\u0131 ekipleri taraf\u0131ndan Saruhanl\u0131 il\u00e7esine ba\u011fl\u0131 \u0130shak\u00e7elebi Mahallesi\u2019nde 1500 metrelik dere hatt\u0131nda temizlik \u00e7al\u0131\u015fmas\u0131 ba\u015flat\u0131ld\u0131.<br \/>\n<br \/>\u00c7al\u0131\u015fmalar\u0131 yerinde inceleyen Manisa B\u00fcy\u00fck\u015fehir Belediye Ba\u015fkan\u0131 Besim Dutlulu\u2019ya, MASK\u0130 Genel M\u00fcd\u00fcr\u00fc Ali K\u0131l\u0131\u00e7, B\u00fcy\u00fck\u015fehir Belediyesi Genel Sekreter Yard\u0131mc\u0131lar\u0131 Ahmet Ata Temiz, P\u0131nar Mine Hac\u0131alibeyo\u011flu, Ula\u015f Ayd\u0131n, Erk Kayaba\u015f, MASK\u0130 Genel M\u00fcd\u00fcr Yard\u0131mc\u0131lar\u0131 \u00d6zg\u00fcr Av\u015far ve Bircan Kaynak, daire ba\u015fkanlar\u0131 ve mahalle muhtarlar\u0131 e\u015flik etti.<\/p>\n<p>&#8220;Sa\u011fl\u0131kl\u0131 \u00e7evreyi tesis ediyoruz&#8221;<br \/>\n<br \/>\u00c7al\u0131\u015fmalar\u0131n \u00f6nemine dikkat \u00e7eken Ba\u015fkan Besim Dutlulu, Manisa\u2019n\u0131n t\u00fcm il\u00e7elerinde vatanda\u015flar\u0131n sa\u011fl\u0131\u011f\u0131 ve huzuru i\u00e7in \u00e7al\u0131\u015ft\u0131klar\u0131n\u0131 belirterek, &#8220;Manisa\u2019m\u0131z\u0131n 17 il\u00e7esine hizmet g\u00f6t\u00fcrmek i\u00e7in canla ba\u015fla \u00e7al\u0131\u015f\u0131yoruz. Dere temizlikleri yaln\u0131zca g\u00f6rsel bir d\u00fczenleme de\u011fil, ayn\u0131 zamanda ta\u015fk\u0131n riskini azaltan ve halk sa\u011fl\u0131\u011f\u0131n\u0131 koruyan \u00f6nemli bir \u00f6nleyici hizmettir. \u0130shak\u00e7elebi Mahallemizde ba\u015flatt\u0131\u011f\u0131m\u0131z bu \u00e7al\u0131\u015fmayla y\u0131llard\u0131r s\u00fcregelen koku ve sinek problemine son veriyor, hem\u015fehrilerimizin hak etti\u011fi sa\u011fl\u0131kl\u0131 \u00e7evre \u015fartlar\u0131n\u0131 tesis ediyoruz. Manisa\u2019m\u0131z\u0131n her mahallesinde vatanda\u015f\u0131m\u0131z\u0131n huzuru ve sa\u011fl\u0131\u011f\u0131 bizim en b\u00fcy\u00fck \u00f6nceli\u011fimizdir&#8221; dedi.<\/p>\n<p>&#8220;\u0130ki ayda 100 kilometreye ula\u015ft\u0131k&#8221;<br \/>\n<br \/>MASK\u0130 \u00c7evre Koruma ve Kontrol Dairesi Ba\u015fkan\u0131 Recep G\u00fcnay ise 2025 y\u0131l\u0131 i\u00e7erisinde il genelinde yakla\u015f\u0131k 400 kilometre dere temizli\u011fi ger\u00e7ekle\u015ftirdiklerini hat\u0131rlatarak, 2026 y\u0131l\u0131n\u0131n ilk iki ay\u0131nda ise 100 kilometreye yak\u0131n dere temizli\u011fi yapt\u0131klar\u0131n\u0131 belirtti.<br \/>\n<br \/>G\u00fcnay, &#8220;\u0130shak\u00e7elebi\u2019deki 1500 metrelik kurutma kanal\u0131nda y\u00fcr\u00fctt\u00fc\u011f\u00fcm\u00fcz \u00e7al\u0131\u015fmalar tamamland\u0131\u011f\u0131nda b\u00f6lgedeki k\u00f6t\u00fc koku sorunu ortadan kalkacak. Ard\u0131ndan Saruhanl\u0131\u2019n\u0131n di\u011fer mahallelerinde de temizlik \u00e7al\u0131\u015fmalar\u0131m\u0131za h\u0131z verece\u011fiz&#8221; diye konu\u015ftu.<\/p>\n<p>Vatanda\u015flara duyarl\u0131l\u0131k \u00e7a\u011fr\u0131s\u0131<br \/>\n<br \/>\u00c7al\u0131\u015fmalar\u0131n s\u00fcrd\u00fcr\u00fclebilir olmas\u0131 i\u00e7in vatanda\u015flar\u0131n da \u00e7evre konusunda duyarl\u0131 olmas\u0131 gerekti\u011fini belirten G\u00fcnay, &#8220;Temizledi\u011fimiz derelere zaman zaman evsel at\u0131klar\u0131n at\u0131ld\u0131\u011f\u0131n\u0131 g\u00f6r\u00fcyoruz. \u00c7evremizi temiz tutmak hepimizin sorumlulu\u011fu. Biz yine temizleriz ancak vatanda\u015flar\u0131m\u0131zdan derelerimizi temiz tutma konusunda daha hassas olmalar\u0131n\u0131 bekliyoruz&#8221; ifadelerini kulland\u0131.<\/p>\n<p>Muhtardan te\u015fekk\u00fcr<br \/>\n<br \/>\u0130shak\u00e7elebi Mahalle Muhtar\u0131 \u0130smail Kangal da yap\u0131lan \u00e7al\u0131\u015fmalardan memnuniyet duyduklar\u0131n\u0131 belirterek, &#8220;Mahallemizin can damar\u0131 olan deremizdeki temizlik \u00e7al\u0131\u015fmalar\u0131 bizleri \u00e7ok rahatlatt\u0131. Yaz aylar\u0131nda koku ve sinek sorunu, k\u0131\u015f aylar\u0131nda ise ta\u015fk\u0131n tehlikesi ya\u015f\u0131yorduk. Ba\u015fkan\u0131m\u0131z Besim Dutlulu\u2019nun sahaya gelip \u00e7al\u0131\u015fmalar\u0131 bizzat incelemesi ve taleplerimizin kar\u015f\u0131l\u0131k bulmas\u0131 bizleri mutlu etti. B\u00fcy\u00fck\u015fehir Belediyemize te\u015fekk\u00fcr ediyoruz&#8221; dedi.<br \/><\/p>\n","protected":false},"excerpt":{"rendered":"<p>Manisa B\u00fcy\u00fck\u015fehir Belediye Ba\u015fkan\u0131 Besim Dutlulu, Saruhanl\u0131 il\u00e7esine ba\u011fl\u0131 \u0130shak\u00e7elebi Mahallesi\u2019nde MASK\u0130 Genel M\u00fcd\u00fcrl\u00fc\u011f\u00fc taraf\u0131ndan y\u00fcr\u00fct\u00fclen 1500 metrelik dere temizlik \u00e7al\u0131\u015fmalar\u0131n\u0131 yerinde inceleyerek, \u00e7al\u0131\u015fmalar\u0131n hem \u00e7evre sa\u011fl\u0131\u011f\u0131 hem de ta\u015fk\u0131n riskinin \u00f6nlenmesi a\u00e7\u0131s\u0131ndan b\u00fcy\u00fck \u00f6nem ta\u015f\u0131d\u0131\u011f\u0131n\u0131 s\u00f6yledi. MASK\u0130 Genel M\u00fcd\u00fcrl\u00fc\u011f\u00fc, il genelinde dere temizlik \u00e7al\u0131\u015fmalar\u0131na aral\u0131ks\u0131z devam ediyor. Bu kapsamda \u00c7evre Koruma ve Kontrol Dairesi&#8230;<\/p>\n","protected":false},"author":1,"featured_media":92420,"comment_status":"open","ping_status":"open","sticky":false,"template":"","format":"standard","meta":{"_crdt_document":"","footnotes":""},"categories":[1],"tags":[],"class_list":["post-92419","post","type-post","status-publish","format-standard","has-post-thumbnail","hentry","category-guncel"],"_links":{"self":[{"href":"https:\/\/www.egemtv.com\/index.php?rest_route=\/wp\/v2\/posts\/92419","targetHints":{"allow":["GET"]}}],"collection":[{"href":"https:\/\/www.egemtv.com\/index.php?rest_route=\/wp\/v2\/posts"}],"about":[{"href":"https:\/\/www.egemtv.com\/index.php?rest_route=\/wp\/v2\/types\/post"}],"author":[{"embeddable":true,"href":"https:\/\/www.egemtv.com\/index.php?rest_route=\/wp\/v2\/users\/1"}],"replies":[{"embeddable":true,"href":"https:\/\/www.egemtv.com\/index.php?rest_route=%2Fwp%2Fv2%2Fcomments&post=92419"}],"version-history":[{"count":1,"href":"https:\/\/www.egemtv.com\/index.php?rest_route=\/wp\/v2\/posts\/92419\/revisions"}],"predecessor-version":[{"id":92421,"href":"https:\/\/www.egemtv.com\/index.php?rest_route=\/wp\/v2\/posts\/92419\/revisions\/92421"}],"wp:featuredmedia":[{"embeddable":true,"href":"https:\/\/www.egemtv.com\/index.php?rest_route=\/wp\/v2\/media\/92420"}],"wp:attachment":[{"href":"https:\/\/www.egemtv.com\/index.php?rest_route=%2Fwp%2Fv2%2Fmedia&parent=92419"}],"wp:term":[{"taxonomy":"category","embeddable":true,"href":"https:\/\/www.egemtv.com\/index.php?rest_route=%2Fwp%2Fv2%2Fcategories&post=92419"},{"taxonomy":"post_tag","embeddable":true,"href":"https:\/\/www.egemtv.com\/index.php?rest_route=%2Fwp%2Fv2%2Ftags&post=92419"}],"curies":[{"name":"wp","href":"https:\/\/api.w.org\/{rel}","templated":true}]}}