{"id":92416,"date":"2026-03-07T09:34:48","date_gmt":"2026-03-07T06:34:48","guid":{"rendered":"https:\/\/www.egemtv.com\/?p=92416"},"modified":"2026-03-07T09:34:49","modified_gmt":"2026-03-07T06:34:49","slug":"manisada-meralara-85-tonluk-bereket","status":"publish","type":"post","link":"https:\/\/www.egemtv.com\/?p=92416","title":{"rendered":"Manisa\u2019da meralara 8,5 tonluk bereket"},"content":{"rendered":"<p>Manisa B\u00fcy\u00fck\u015fehir Belediyesi, K\u0131rka\u011fa\u00e7 il\u00e7esine ba\u011fl\u0131 G\u00f6k\u00e7ukur Mahallesi\u2019nde hayvanc\u0131l\u0131\u011f\u0131 desteklemek ve mera verimlili\u011fini art\u0131rmak amac\u0131yla 270 d\u00f6n\u00fcml\u00fck merada 8,5 ton g\u00fcbreleme \u00e7al\u0131\u015fmas\u0131 ger\u00e7ekle\u015ftirdi. Proje ile \u00fcreticilerin en b\u00fcy\u00fck gider kalemlerinden biri olan yem maliyetlerinin d\u00fc\u015f\u00fcr\u00fclmesi hedefleniyor.<br \/>\n<br \/>Manisa B\u00fcy\u00fck\u015fehir Belediyesi ile K\u0131rka\u011fa\u00e7 Belediyesi i\u015f birli\u011finde y\u00fcr\u00fct\u00fclen mera g\u00fcbreleme \u00e7al\u0131\u015fmas\u0131 t\u00f6renle ba\u015flad\u0131. G\u00f6k\u00e7ukur Mahallesi\u2019nde d\u00fczenlenen programa Manisa B\u00fcy\u00fck\u015fehir Belediye Ba\u015fkan\u0131 Besim Dutlulu, K\u0131rka\u011fa\u00e7 Belediye Ba\u015fkan\u0131 \u00dcst\u00fcn D\u00f6nmez, Manisa B\u00fcy\u00fck\u015fehir Belediyesi Genel Sekreter Yard\u0131mc\u0131lar\u0131 Ahmet Ata Temiz ve Ula\u015f Ayd\u0131n, daire ba\u015fkanlar\u0131, \u015fube m\u00fcd\u00fcrleri ve \u00fcreticiler kat\u0131ld\u0131.<\/p>\n<p>&#8220;Meralar \u00e7ift\u00e7imize kals\u0131n&#8221;<br \/>\n<br \/>G\u00f6k\u00e7ukur Mahallesi Davullu mevkiinde yakla\u015f\u0131k 2 bine yak\u0131n b\u00fcy\u00fckba\u015f hayvan\u0131n yeti\u015ftirildi\u011fini belirten Manisa B\u00fcy\u00fck\u015fehir Belediye Ba\u015fkan\u0131 Besim Dutlulu, meralar\u0131n korunmas\u0131n\u0131n hayvanc\u0131l\u0131k i\u00e7in hayati \u00f6neme sahip oldu\u011funu s\u00f6yledi.<br \/>\n<br \/>Dutlulu, &#8220;Amac\u0131m\u0131z meralar\u0131m\u0131z\u0131n hayvanc\u0131l\u0131k faaliyetleriyle canl\u0131 kalmas\u0131 ve bu alanlar\u0131n korunmas\u0131d\u0131r. G\u00fcne\u015f enerjisi santralleri gibi yat\u0131r\u0131mlar\u0131n daha \u00e7orak alanlara kayd\u0131r\u0131lmas\u0131n\u0131 destekliyoruz. Bu meralar \u00e7ift\u00e7imize kals\u0131n diyoruz. Projenin K\u0131rka\u011fa\u00e7\u2019\u0131m\u0131za ve Manisa\u2019m\u0131za bereket getirmesini temenni ediyorum&#8221; dedi.<\/p>\n<p>&#8220;\u00c7ift\u00e7imizin her zaman yan\u0131nday\u0131z&#8221;<br \/>\n<br \/>K\u0131rka\u011fa\u00e7 Belediye Ba\u015fkan\u0131 \u00dcst\u00fcn D\u00f6nmez ise projenin \u00fcreticiler a\u00e7\u0131s\u0131ndan \u00f6nemli bir destek oldu\u011funu belirterek, &#8220;\u0130ki temel amac\u0131m\u0131z var; \u00e7ift\u00e7imize destek olmak ve meralar\u0131m\u0131z\u0131 daha verimli hale getirmek. Meralar\u0131m\u0131za dokunulmamas\u0131 gerekti\u011fini bir kez daha vurguluyoruz. Ge\u00e7imini buradan sa\u011flayan \u00fcreticimizin her zaman yan\u0131nday\u0131z&#8221; ifadelerini kulland\u0131.<\/p>\n<p>K\u0131rka\u011fa\u00e7l\u0131 \u00fcreticilere \u00e7ok y\u00f6nl\u00fc destek<br \/>\n<br \/>Manisa B\u00fcy\u00fck\u015fehir Belediyesi K\u0131rsal Hizmetler Dairesi Ba\u015fkan\u0131 Y\u0131lmaz Usta da K\u0131rka\u011fa\u00e7 genelinde toplam 18 ton g\u00fcbre deste\u011fi sa\u011fland\u0131\u011f\u0131n\u0131 belirterek, hayvanc\u0131l\u0131\u011f\u0131n yan\u0131 s\u0131ra ar\u0131c\u0131l\u0131k alan\u0131nda da \u00f6nemli \u00e7al\u0131\u015fmalar y\u00fcr\u00fctt\u00fcklerini s\u00f6yledi.<br \/>\n<br \/>Usta, &#8220;Mahallemizde 16 kad\u0131n \u00fcreticimize y\u00f6nelik 6 hafta s\u00fcren ar\u0131c\u0131l\u0131k e\u011fitimi d\u00fczenledik. E\u011fitimi ba\u015far\u0131yla tamamlayan \u00fcreticilerimize 96 adet kovan deste\u011fi verdik. B\u00f6lgedeki flora zenginli\u011fini ar\u0131c\u0131l\u0131kla ekonomiye kazand\u0131rmay\u0131 hedefliyoruz&#8221; diye konu\u015ftu.<\/p>\n<p>Muhtar Evgin: &#8220;\u00c7ok \u00f6nemli bir destek&#8221;<br \/>\n<br \/>G\u00f6k\u00e7ukur Mahalle Muhtar\u0131 Hasan H\u00fcseyin Evgin ise verilen destekten dolay\u0131 te\u015fekk\u00fcr ederek, &#8220;Biz ge\u00e7imimizi hayvanc\u0131l\u0131kla sa\u011fl\u0131yoruz. Verilen g\u00fcbre deste\u011fi meralar\u0131m\u0131z\u0131n verimini art\u0131rarak \u00fcretimimize do\u011frudan katk\u0131 sa\u011flayacak. Ba\u015fkanlar\u0131m\u0131z Besim Dutlulu ve \u00dcst\u00fcn D\u00f6nmez\u2019e mahallemiz ad\u0131na te\u015fekk\u00fcr ediyorum&#8221; dedi.<br \/>\n<br \/>Program\u0131n sonunda ar\u0131c\u0131l\u0131k e\u011fitimini tamamlayan kad\u0131n \u00fcreticilerin elde etti\u011fi ilk hasat ballar\u0131, G\u00f6k\u00e7ukur Mahalle Muhtar\u0131 Hasan H\u00fcseyin Evgin taraf\u0131ndan Manisa B\u00fcy\u00fck\u015fehir Belediye Ba\u015fkan\u0131 Besim Dutlulu\u2019ya hediye edildi. Kad\u0131n \u00fcreticiler ad\u0131na te\u015fekk\u00fcr eden Evgin, verilen desteklerin hem hayvanc\u0131l\u0131\u011f\u0131 hem de ar\u0131c\u0131l\u0131\u011f\u0131 g\u00fc\u00e7lendirdi\u011fini ifade etti.<br \/><\/p>\n","protected":false},"excerpt":{"rendered":"<p>Manisa B\u00fcy\u00fck\u015fehir Belediyesi, K\u0131rka\u011fa\u00e7 il\u00e7esine ba\u011fl\u0131 G\u00f6k\u00e7ukur Mahallesi\u2019nde hayvanc\u0131l\u0131\u011f\u0131 desteklemek ve mera verimlili\u011fini art\u0131rmak amac\u0131yla 270 d\u00f6n\u00fcml\u00fck merada 8,5 ton g\u00fcbreleme \u00e7al\u0131\u015fmas\u0131 ger\u00e7ekle\u015ftirdi. Proje ile \u00fcreticilerin en b\u00fcy\u00fck gider kalemlerinden biri olan yem maliyetlerinin d\u00fc\u015f\u00fcr\u00fclmesi hedefleniyor. Manisa B\u00fcy\u00fck\u015fehir Belediyesi ile K\u0131rka\u011fa\u00e7 Belediyesi i\u015f birli\u011finde y\u00fcr\u00fct\u00fclen mera g\u00fcbreleme \u00e7al\u0131\u015fmas\u0131 t\u00f6renle ba\u015flad\u0131. G\u00f6k\u00e7ukur Mahallesi\u2019nde d\u00fczenlenen programa Manisa&#8230;<\/p>\n","protected":false},"author":1,"featured_media":92417,"comment_status":"open","ping_status":"open","sticky":false,"template":"","format":"standard","meta":{"_crdt_document":"","footnotes":""},"categories":[125],"tags":[],"class_list":["post-92416","post","type-post","status-publish","format-standard","has-post-thumbnail","hentry","category-ekonomi"],"_links":{"self":[{"href":"https:\/\/www.egemtv.com\/index.php?rest_route=\/wp\/v2\/posts\/92416","targetHints":{"allow":["GET"]}}],"collection":[{"href":"https:\/\/www.egemtv.com\/index.php?rest_route=\/wp\/v2\/posts"}],"about":[{"href":"https:\/\/www.egemtv.com\/index.php?rest_route=\/wp\/v2\/types\/post"}],"author":[{"embeddable":true,"href":"https:\/\/www.egemtv.com\/index.php?rest_route=\/wp\/v2\/users\/1"}],"replies":[{"embeddable":true,"href":"https:\/\/www.egemtv.com\/index.php?rest_route=%2Fwp%2Fv2%2Fcomments&post=92416"}],"version-history":[{"count":1,"href":"https:\/\/www.egemtv.com\/index.php?rest_route=\/wp\/v2\/posts\/92416\/revisions"}],"predecessor-version":[{"id":92418,"href":"https:\/\/www.egemtv.com\/index.php?rest_route=\/wp\/v2\/posts\/92416\/revisions\/92418"}],"wp:featuredmedia":[{"embeddable":true,"href":"https:\/\/www.egemtv.com\/index.php?rest_route=\/wp\/v2\/media\/92417"}],"wp:attachment":[{"href":"https:\/\/www.egemtv.com\/index.php?rest_route=%2Fwp%2Fv2%2Fmedia&parent=92416"}],"wp:term":[{"taxonomy":"category","embeddable":true,"href":"https:\/\/www.egemtv.com\/index.php?rest_route=%2Fwp%2Fv2%2Fcategories&post=92416"},{"taxonomy":"post_tag","embeddable":true,"href":"https:\/\/www.egemtv.com\/index.php?rest_route=%2Fwp%2Fv2%2Ftags&post=92416"}],"curies":[{"name":"wp","href":"https:\/\/api.w.org\/{rel}","templated":true}]}}