{"id":92413,"date":"2026-03-07T09:14:33","date_gmt":"2026-03-07T06:14:33","guid":{"rendered":"https:\/\/www.egemtv.com\/?p=92413"},"modified":"2026-03-07T09:14:34","modified_gmt":"2026-03-07T06:14:34","slug":"alasehir-belediyesinden-8-marta-ozel-calisma","status":"publish","type":"post","link":"https:\/\/www.egemtv.com\/?p=92413","title":{"rendered":"Ala\u015fehir Belediyesi\u2019nden 8 Mart\u2019a \u00f6zel \u00e7al\u0131\u015fma"},"content":{"rendered":"<p>Manisa\u2019n\u0131n Ala\u015fehir il\u00e7esinde Ala\u015fehir Belediyesi taraf\u0131ndan 8 Mart D\u00fcnya Kad\u0131nlar G\u00fcn\u00fc dolay\u0131s\u0131yla haz\u0131rlanan \u00f6zel klipte, kad\u0131nlar\u0131n hayat\u0131n her alan\u0131ndaki eme\u011fi ve g\u00fcc\u00fc anlat\u0131ld\u0131.<br \/>\n<br \/>Ala\u015fehir Belediyesi\u2019nin haz\u0131rlad\u0131\u011f\u0131 8 Mart klibinde pazardan direksiyon ba\u015f\u0131na kadar hayat\u0131n her alan\u0131nda emek veren kad\u0131nlar\u0131n hikayesi anlat\u0131ld\u0131. Ala\u015fehir Belediyesi taraf\u0131ndan haz\u0131rlanan 8 Mart D\u00fcnya Kad\u0131nlar G\u00fcn\u00fc klibinde kad\u0131nlar\u0131n g\u00fcnl\u00fck ya\u015famda \u00fcstlendikleri farkl\u0131 roller g\u00f6zler \u00f6n\u00fcne serildi. Klipte pazarda \u00e7al\u0131\u015fan, evde \u00fcretim yapan, i\u015f hayat\u0131nda yer alan ve \u015fof\u00f6rl\u00fck yapan kad\u0131nlar\u0131n g\u00f6r\u00fcnt\u00fclerine yer verildi.<br \/>\n<br \/>Klipte ayr\u0131ca Ala\u015fehir Belediye Ba\u015fkan\u0131 Ahmet \u00d6k\u00fczc\u00fco\u011flu ve e\u015fi Selen \u00d6k\u00fczc\u00fco\u011flu da rol ald\u0131. Ba\u015fkan \u00d6k\u00fczc\u00fco\u011flu\u2019nun yapt\u0131\u011f\u0131 seslendirmede kad\u0131nlar\u0131n hayat\u0131n her an\u0131n\u0131 g\u00fczelle\u015ftiren, d\u00fcnyay\u0131 daha ya\u015fan\u0131r hale getiren en \u00f6nemli de\u011ferlerden biri oldu\u011fu vurguland\u0131. Kad\u0131nlar\u0131n anne ve emek\u00e7i kimlikleriyle hayata de\u011fer katt\u0131\u011f\u0131n\u0131 ifade eden \u00d6k\u00fczc\u00fco\u011flu, kad\u0131nlar\u0131 &#8220;can&#8221; ve &#8220;bereket&#8221; olarak tan\u0131mlayarak, kendilerine verilenleri \u00e7o\u011falt\u0131p geri veren bir g\u00fc\u00e7 olduklar\u0131n\u0131 dile getirdi.<br \/>\n<br \/>Ala\u015fehir Belediyesi taraf\u0131ndan haz\u0131rlanan 8 Mart D\u00fcnya Kad\u0131nlar G\u00fcn\u00fc klibinin, 8 Mart\u2019ta belediyenin sosyal medya hesaplar\u0131ndan yay\u0131nlanaca\u011f\u0131 bildirildi.<br \/><\/p>\n","protected":false},"excerpt":{"rendered":"<p>Manisa\u2019n\u0131n Ala\u015fehir il\u00e7esinde Ala\u015fehir Belediyesi taraf\u0131ndan 8 Mart D\u00fcnya Kad\u0131nlar G\u00fcn\u00fc dolay\u0131s\u0131yla haz\u0131rlanan \u00f6zel klipte, kad\u0131nlar\u0131n hayat\u0131n her alan\u0131ndaki eme\u011fi ve g\u00fcc\u00fc anlat\u0131ld\u0131. Ala\u015fehir Belediyesi\u2019nin haz\u0131rlad\u0131\u011f\u0131 8 Mart klibinde pazardan direksiyon ba\u015f\u0131na kadar hayat\u0131n her alan\u0131nda emek veren kad\u0131nlar\u0131n hikayesi anlat\u0131ld\u0131. Ala\u015fehir Belediyesi taraf\u0131ndan haz\u0131rlanan 8 Mart D\u00fcnya Kad\u0131nlar G\u00fcn\u00fc klibinde kad\u0131nlar\u0131n g\u00fcnl\u00fck ya\u015famda \u00fcstlendikleri&#8230;<\/p>\n","protected":false},"author":1,"featured_media":92414,"comment_status":"open","ping_status":"open","sticky":false,"template":"","format":"standard","meta":{"_crdt_document":"","footnotes":""},"categories":[1],"tags":[],"class_list":["post-92413","post","type-post","status-publish","format-standard","has-post-thumbnail","hentry","category-guncel"],"_links":{"self":[{"href":"https:\/\/www.egemtv.com\/index.php?rest_route=\/wp\/v2\/posts\/92413","targetHints":{"allow":["GET"]}}],"collection":[{"href":"https:\/\/www.egemtv.com\/index.php?rest_route=\/wp\/v2\/posts"}],"about":[{"href":"https:\/\/www.egemtv.com\/index.php?rest_route=\/wp\/v2\/types\/post"}],"author":[{"embeddable":true,"href":"https:\/\/www.egemtv.com\/index.php?rest_route=\/wp\/v2\/users\/1"}],"replies":[{"embeddable":true,"href":"https:\/\/www.egemtv.com\/index.php?rest_route=%2Fwp%2Fv2%2Fcomments&post=92413"}],"version-history":[{"count":1,"href":"https:\/\/www.egemtv.com\/index.php?rest_route=\/wp\/v2\/posts\/92413\/revisions"}],"predecessor-version":[{"id":92415,"href":"https:\/\/www.egemtv.com\/index.php?rest_route=\/wp\/v2\/posts\/92413\/revisions\/92415"}],"wp:featuredmedia":[{"embeddable":true,"href":"https:\/\/www.egemtv.com\/index.php?rest_route=\/wp\/v2\/media\/92414"}],"wp:attachment":[{"href":"https:\/\/www.egemtv.com\/index.php?rest_route=%2Fwp%2Fv2%2Fmedia&parent=92413"}],"wp:term":[{"taxonomy":"category","embeddable":true,"href":"https:\/\/www.egemtv.com\/index.php?rest_route=%2Fwp%2Fv2%2Fcategories&post=92413"},{"taxonomy":"post_tag","embeddable":true,"href":"https:\/\/www.egemtv.com\/index.php?rest_route=%2Fwp%2Fv2%2Ftags&post=92413"}],"curies":[{"name":"wp","href":"https:\/\/api.w.org\/{rel}","templated":true}]}}