{"id":92365,"date":"2026-03-06T18:34:54","date_gmt":"2026-03-06T15:34:54","guid":{"rendered":"https:\/\/www.egemtv.com\/?p=92365"},"modified":"2026-03-06T18:34:55","modified_gmt":"2026-03-06T15:34:55","slug":"izmirde-21-bin-konutun-kurasi-cekildi","status":"publish","type":"post","link":"https:\/\/www.egemtv.com\/?p=92365","title":{"rendered":"\u0130zmir\u2019de 21 bin konutun kuras\u0131 \u00e7ekildi"},"content":{"rendered":"<p>Toplu Konut \u0130daresi Ba\u015fkanl\u0131\u011f\u0131 taraf\u0131ndan \u0130zmir\u2019de in\u015fa edilecek 21 bin 20 sosyal konutun hak sahipleri kura \u00e7ekimiyle belirlendi. T\u00f6rene kat\u0131lan Cumhurba\u015fkan\u0131 Yard\u0131mc\u0131s\u0131 Cevdet Y\u0131lmaz, kentteki riskli yap\u0131 stokuna dikkat \u00e7ekerek, &#8220;Kentsel d\u00f6n\u00fc\u015f\u00fcm bir tercih de\u011fil, hayat kurtaran bir zorunluluktur&#8221; dedi.<br \/>\n<br \/>Toplu Konut \u0130daresi Ba\u015fkanl\u0131\u011f\u0131 (TOK\u0130) taraf\u0131ndan y\u00fcr\u00fct\u00fclen 500 Bin Sosyal Konut Projesi kapsam\u0131nda kentte in\u015fa edilecek 21 bin 20 konutun kura \u00e7ekimi ger\u00e7ekle\u015ftirildi. T\u00f6rende bir konu\u015fma ger\u00e7ekle\u015ftiren Cumhurba\u015fkan\u0131 Yard\u0131mc\u0131s\u0131 Cevdet Y\u0131lmaz, T\u00fcrkiye genelinde n\u00fcfusun y\u00fczde 27\u2019sinin kirada oturdu\u011funu ve bu kesimin ev sahibi olmas\u0131n\u0131n sosyal adaleti sa\u011flama bak\u0131m\u0131ndan b\u00fcy\u00fck \u00f6nem ta\u015f\u0131d\u0131\u011f\u0131n\u0131 belirterek, ba\u015flat\u0131lan sosyal konut hamlesinin uzun soluklu bir politikan\u0131n ilk ad\u0131m\u0131 oldu\u011funu ifade etti. T\u00fcrkiye\u2019nin afet risklerinin \u00f6nceden belirlenip azalt\u0131lmas\u0131n\u0131n temel hedefleri oldu\u011funu dile getiren Y\u0131lmaz, \u0130zmir\u2019deki yap\u0131 stokunun b\u00fcy\u00fck bir risk bar\u0131nd\u0131rd\u0131\u011f\u0131na i\u015faret ederek, &#8220;Resmi veriler, \u0130zmir\u2019deki yap\u0131lar\u0131n yakla\u015f\u0131k y\u00fczde 60\u2019\u0131n\u0131n 2001 deprem y\u00f6netmeli\u011fi \u00f6ncesinde yap\u0131lm\u0131\u015f oldu\u011funu g\u00f6steriyor. Bu tablo, g\u00fcvenli konut \u00fcretimi ve kentsel d\u00f6n\u00fc\u015f\u00fcm \u00e7al\u0131\u015fmalar\u0131n\u0131n bu \u015fehirde ne kadar hayati oldu\u011funu ispatl\u0131yor&#8221; diye konu\u015ftu.<\/p>\n<p>Kura s\u00fcrecinde \u00f6zel kotalar ayr\u0131ld\u0131<br \/>\n<br \/>H\u00fck\u00fcmet olarak kentsel d\u00f6n\u00fc\u015f\u00fcme b\u00fcy\u00fck \u00f6nem verdiklerini kaydeden Y\u0131lmaz, kura s\u00fcrecine ili\u015fkin \u0130zmir \u00f6zelindeki bilgileri payla\u015ft\u0131. \u0130zmir\u2019de 221 bin 921 ba\u015fvurudan 195 binin \u00fczerindeki talebin ge\u00e7erli say\u0131ld\u0131\u011f\u0131n\u0131 aktaran Y\u0131lmaz, &#8220;Projelerimizde \u00f6zellikle \u015fehit aileleri ve gazilerimizden engelli vatanda\u015flar\u0131m\u0131za, emeklilerimizden gen\u00e7lerimize ve \u00fc\u00e7 \u00e7ocuklu ailelerimize kotalar tarif ettik. Bu \u00f6zel kesimlerin kurada \u015fans\u0131 \u00e7ok daha y\u00fcksek olacak&#8221; ifadelerini kulland\u0131.<\/p>\n<p>\u0130zmir\u2019e 175 milyar liray\u0131 a\u015fan yat\u0131r\u0131m<br \/>\n<br \/>Enflasyonu a\u015fa\u011f\u0131 \u00e7ekmenin birinci \u00f6ncelikleri oldu\u011funu ve g\u0131da \u00fcretimini art\u0131r\u0131p 500 bin sosyal konut hamlesiyle piyasadaki konut arz\u0131n\u0131 y\u00fckselterek kiralar\u0131 d\u00fc\u015f\u00fcrmeyi hedeflediklerini aktaran Y\u0131lmaz, TOK\u0130\u2019nin deprem b\u00f6lgesindeki ba\u015far\u0131l\u0131 performans\u0131na dikkat \u00e7ekti. \u0130zmir\u2019i hi\u00e7bir zaman ihmal etmediklerini savunan Y\u0131lmaz, &#8220;\u0130zmir\u2019e bug\u00fcne kadar 175 milyar liray\u0131 a\u015fan yat\u0131r\u0131m yapt\u0131k. \u015eehrimize 29 bin 333 konut, 219 k\u00f6y evi, 122 ba\u011f\u0131ms\u0131z b\u00f6l\u00fcm, 506 i\u015f yeri, 33 ticari \u00fcnite, 28 cami ile e\u011fitim ve sa\u011fl\u0131k donat\u0131lar\u0131 kazand\u0131rd\u0131k.&#8221; a\u00e7\u0131klamas\u0131nda bulundu.<\/p>\n<p>&#8220;Konutlar\u0131n anahtar teslimi 2027\u2019ye kadar yap\u0131lacak&#8221;<br \/>\n<br \/>AK Parti Genel Sekreteri ve \u0130zmir Milletvekili Eyy\u00fcp Kadir \u0130nan, \u0130zmir\u2019e yap\u0131lan yat\u0131r\u0131mlara dikkat \u00e7ekerek, TOK\u0130\u2019nin kentteki yat\u0131r\u0131m tutar\u0131n\u0131n 200 milyar T\u00fcrk liras\u0131 oldu\u011funu ifade etti. \u0130nan, &#8220;Cumhurba\u015fkan\u0131m\u0131z\u0131n deste\u011fiyle kura ile teslimini yapt\u0131\u011f\u0131m\u0131z 21 bin 20 konutun anahtar teslimini 2027 y\u0131l\u0131na kadar ger\u00e7ekle\u015ftirece\u011fiz&#8221; \u015feklinde konu\u015ftu.<\/p>\n<p>&#8220;Hedef rekor h\u0131zla teslimat&#8221;<br \/>\n<br \/>\u0130zmir Valisi S\u00fcleyman Elban ise \u00fclke genelinde yeni bir konut hamlesine imza at\u0131ld\u0131\u011f\u0131n\u0131 kaydetti. Elban, &#8220;\u00d6ng\u00f6r\u00fclen s\u00fcreden daha k\u0131sa bir zamanda, rekor bir h\u0131zla bu 500 bin konut tamamlan\u0131p vatanda\u015flar\u0131m\u0131z\u0131n hizmetine sunulacakt\u0131r.&#8221; de\u011ferlendirmesinde bulundu.<br \/>\n<br \/>\u00c7evre, \u015eehircilik ve \u0130klim De\u011fi\u015fikli\u011fi Bakan Yard\u0131mc\u0131s\u0131 Hasan Suver, \u0130zmir Bayrakl\u0131 depreminde hayat\u0131n\u0131 kaybedenleri anarak kentsel d\u00f6n\u00fc\u015f\u00fcm seferberli\u011finin s\u00fcrd\u00fc\u011f\u00fcn\u00fc belirtti. Suver, &#8220;Bu azimle 500 bin konut seferberli\u011fini ba\u015flatt\u0131k, kurada \u00e7\u0131kmayanlar \u00fcz\u00fclmesin, yenileri de gelecek&#8221; dedi.<br \/>\n<br \/>TOK\u0130 Ba\u015fkan Yard\u0131mc\u0131s\u0131 \u00d6mer Caniklio\u011flu, \u0130zmir genelindeki yo\u011fun talebi kar\u015f\u0131lamak amac\u0131yla 21 bin 20 sosyal konut planland\u0131\u011f\u0131n\u0131 dile getirdi. Caniklio\u011flu, &#8220;Bu projeler insan odakl\u0131 bir yakla\u015f\u0131mla tasarlanm\u0131\u015f, altyap\u0131s\u0131 tamamlanm\u0131\u015f ve depreme dayan\u0131kl\u0131 \u015fekilde in\u015fa edilecektir&#8221; ifadelerini kulland\u0131.<br \/>\n<br \/>Bornova K\u00fclt\u00fcr Sanat Merkezi\u2019nde d\u00fczenlenen Ev Sahibi T\u00fcrkiye \u0130zmir Kura \u00c7ekili\u015f T\u00f6reni\u2019ne; Cumhurba\u015fkan\u0131 Yard\u0131mc\u0131s\u0131 Cevdet Y\u0131lmaz, \u0130zmir Valisi S\u00fcleyman Elban, AK Parti Genel Sekreteri Eyy\u00fcp Kadir \u0130nan, \u00c7evre, \u015eehircilik ve \u0130klim De\u011fi\u015fikli\u011fi Bakan Yard\u0131mc\u0131s\u0131 Hasan Suver, AK Parti milletvekilleri Ceyda B\u00f6l\u00fcnmez \u00c7ank\u0131r\u0131, \u015eebnem Bursal\u0131 Aksoy, Ya\u015far K\u0131rkp\u0131nar, Mahmut Atilla Kaya, MHP Milletvekili Tamer Osmana\u011fao\u011flu, TOK\u0130 Ba\u015fkan Yard\u0131mc\u0131s\u0131 \u00d6mer Caniklio\u011flu, AK Parti \u0130zmir \u0130l Ba\u015fkan\u0131 Bilal Sayg\u0131l\u0131, MHP \u0130zmir \u0130l Ba\u015fkan\u0131 Veysel \u015eahin, oda ve sivil toplum kurulu\u015fu temsilcileri ile vatanda\u015flar kat\u0131ld\u0131.<br \/><\/p>\n","protected":false},"excerpt":{"rendered":"<p>Toplu Konut \u0130daresi Ba\u015fkanl\u0131\u011f\u0131 taraf\u0131ndan \u0130zmir\u2019de in\u015fa edilecek 21 bin 20 sosyal konutun hak sahipleri kura \u00e7ekimiyle belirlendi. T\u00f6rene kat\u0131lan Cumhurba\u015fkan\u0131 Yard\u0131mc\u0131s\u0131 Cevdet Y\u0131lmaz, kentteki riskli yap\u0131 stokuna dikkat \u00e7ekerek, &#8220;Kentsel d\u00f6n\u00fc\u015f\u00fcm bir tercih de\u011fil, hayat kurtaran bir zorunluluktur&#8221; dedi. Toplu Konut \u0130daresi Ba\u015fkanl\u0131\u011f\u0131 (TOK\u0130) taraf\u0131ndan y\u00fcr\u00fct\u00fclen 500 Bin Sosyal Konut Projesi kapsam\u0131nda kentte in\u015fa&#8230;<\/p>\n","protected":false},"author":1,"featured_media":92366,"comment_status":"open","ping_status":"open","sticky":false,"template":"","format":"standard","meta":{"_crdt_document":"","footnotes":""},"categories":[1],"tags":[],"class_list":["post-92365","post","type-post","status-publish","format-standard","has-post-thumbnail","hentry","category-guncel"],"_links":{"self":[{"href":"https:\/\/www.egemtv.com\/index.php?rest_route=\/wp\/v2\/posts\/92365","targetHints":{"allow":["GET"]}}],"collection":[{"href":"https:\/\/www.egemtv.com\/index.php?rest_route=\/wp\/v2\/posts"}],"about":[{"href":"https:\/\/www.egemtv.com\/index.php?rest_route=\/wp\/v2\/types\/post"}],"author":[{"embeddable":true,"href":"https:\/\/www.egemtv.com\/index.php?rest_route=\/wp\/v2\/users\/1"}],"replies":[{"embeddable":true,"href":"https:\/\/www.egemtv.com\/index.php?rest_route=%2Fwp%2Fv2%2Fcomments&post=92365"}],"version-history":[{"count":1,"href":"https:\/\/www.egemtv.com\/index.php?rest_route=\/wp\/v2\/posts\/92365\/revisions"}],"predecessor-version":[{"id":92367,"href":"https:\/\/www.egemtv.com\/index.php?rest_route=\/wp\/v2\/posts\/92365\/revisions\/92367"}],"wp:featuredmedia":[{"embeddable":true,"href":"https:\/\/www.egemtv.com\/index.php?rest_route=\/wp\/v2\/media\/92366"}],"wp:attachment":[{"href":"https:\/\/www.egemtv.com\/index.php?rest_route=%2Fwp%2Fv2%2Fmedia&parent=92365"}],"wp:term":[{"taxonomy":"category","embeddable":true,"href":"https:\/\/www.egemtv.com\/index.php?rest_route=%2Fwp%2Fv2%2Fcategories&post=92365"},{"taxonomy":"post_tag","embeddable":true,"href":"https:\/\/www.egemtv.com\/index.php?rest_route=%2Fwp%2Fv2%2Ftags&post=92365"}],"curies":[{"name":"wp","href":"https:\/\/api.w.org\/{rel}","templated":true}]}}