{"id":92362,"date":"2026-03-06T17:55:50","date_gmt":"2026-03-06T14:55:50","guid":{"rendered":"https:\/\/www.egemtv.com\/?p=92362"},"modified":"2026-03-06T17:55:51","modified_gmt":"2026-03-06T14:55:51","slug":"milli-forma-dmd-hastasi-minik-rahmi-kerem-icin-satista","status":"publish","type":"post","link":"https:\/\/www.egemtv.com\/?p=92362","title":{"rendered":"Milli forma DMD hastas\u0131 minik Rahmi Kerem i\u00e7in sat\u0131\u015fta"},"content":{"rendered":"<p>Demirci Belediyespor, DMD hastas\u0131 4 ya\u015f\u0131ndaki Rahmi Kerem Keskin\u2019in tedavisine destek olmak amac\u0131yla A Milli Futbol Tak\u0131m\u0131 oyuncular\u0131n\u0131n imzalad\u0131\u011f\u0131 ay-y\u0131ld\u0131zl\u0131 formay\u0131 a\u00e7\u0131k art\u0131rmaya \u00e7\u0131kar\u0131rken, elde edilecek gelirin tamam\u0131n\u0131n Manisa Valili\u011fi onayl\u0131 ba\u011f\u0131\u015f hesab\u0131na aktar\u0131laca\u011f\u0131n\u0131 duyurdu.<br \/>\n<br \/>Manisa\u2019n\u0131n Demirci il\u00e7esinde, 4 ya\u015f\u0131ndaki DMD hastas\u0131 Rahmi Kerem Keskin i\u00e7in ba\u015flat\u0131lan vefa hareketi b\u00fcy\u00fcyerek devam ediyor. Demirci Devlet Hastanesi\u2019nde 8 y\u0131ld\u0131r D\u00e2hiliye Uzman\u0131 olarak g\u00f6rev yapan Dr. Haluk Keskin\u2019in 4 ya\u015f\u0131ndaki DMD hastas\u0131 o\u011flu Rahmi Kerem Keskin i\u00e7in d\u00fczenlenen futsal turnuvas\u0131 s\u00fcrerken, kul\u00fcp y\u00f6netimi anlaml\u0131 bir karara daha imza att\u0131.<br \/>\n<br \/>Demirci Belediyespor, A Milli Futbol Tak\u0131m\u0131 futbolcular\u0131 taraf\u0131ndan imzalanan ay-y\u0131ld\u0131zl\u0131 formay\u0131, minik Rahmi Kerem\u2019in tedavi masraflar\u0131na destek olmak amac\u0131yla a\u00e7\u0131k art\u0131rmaya \u00e7\u0131kard\u0131.<\/p>\n<p>Fiyat teklifleri sosyal medya \u00fczerinden al\u0131nacak<br \/>\n<br \/>Kul\u00fcb\u00fcn resmi sosyal medya hesaplar\u0131 \u00fczerinden yap\u0131lan duyuruyla ba\u015flat\u0131lan kampanyada, hay\u0131rseverler ve sporseverler imzal\u0131 formaya sahip olabilmek i\u00e7in k\u0131yas\u0131ya bir yar\u0131\u015fa girecek. A\u00e7\u0131k art\u0131rma s\u00fcreci, ilgili payla\u015f\u0131m\u0131n alt\u0131na yap\u0131lacak yorumlarla y\u00fcr\u00fct\u00fclecek. Belirlenen s\u00fcre sonunda en y\u00fcksek fiyat teklifini veren ki\u015fi, hem milli forman\u0131n sahibi olacak hem de bir \u00e7ocu\u011fun sa\u011fl\u0131\u011f\u0131na kavu\u015fmas\u0131 i\u00e7in umut olacak.<\/p>\n<p>Gelir do\u011frudan resmi ba\u011f\u0131\u015f hesab\u0131na<br \/>\n<br \/>A\u00e7\u0131k art\u0131rman\u0131n \u015feffaf bir \u015fekilde y\u00fcr\u00fct\u00fcld\u00fc\u011f\u00fcn\u00fc belirten Demirci Belediyespor Kul\u00fcb\u00fc y\u00f6netimi, formadan elde edilecek gelirin tamam\u0131n\u0131n, Rahmi Kerem Keskin ad\u0131na a\u00e7\u0131lan valilik onayl\u0131 resmi ba\u011f\u0131\u015f hesab\u0131na yat\u0131r\u0131laca\u011f\u0131n\u0131 bildirdi.<br \/>\n<br \/>Demirci Belediyespor Y\u00f6neticisi Mustafa Kula yapt\u0131\u011f\u0131 a\u00e7\u0131klamada, &#8220;\u0130l\u00e7emiz Devlet Hastanesinde 8 y\u0131ld\u0131r g\u00f6rev yapan Uz. Dr. Haluk Keskin\u2019in o\u011flu Rahmi Kerem DMD hastal\u0131\u011f\u0131na yakaland\u0131. Demirci Belediyespor olarak kendisine destek olmak ama\u00e7l\u0131 bir futsal turnuvas\u0131 d\u00fczenledik. Ayr\u0131ca A Milli Futbol tak\u0131m\u0131m\u0131z\u0131n futbolcular\u0131n\u0131n imzalad\u0131\u011f\u0131 formay\u0131 kul\u00fcb\u00fcm\u00fcz\u00fcn sosyal medya hesab\u0131ndan a\u00e7\u0131k art\u0131rma usul\u00fc ile sat\u0131ca \u00e7\u0131kacakt\u0131r. Payla\u015f\u0131m\u0131n alt\u0131na fiyat tekliflerini yorum yapabilirler. D\u00fczenledi\u011fimiz kapal\u0131 spor salonunda her ba\u011f\u0131\u015f kutusuna sporseverler ba\u011f\u0131\u015f yap\u0131yor. Turnuvan\u0131n sonunda toplanan miktar\u0131 ve formadan elden edilen gelir direkt karde\u015fimiz Rahmi Kerem Keskin\u2019in ba\u011f\u0131\u015f hesab\u0131na aktar\u0131lacakt\u0131r&#8221; dedi.<br \/><\/p>\n","protected":false},"excerpt":{"rendered":"<p>Demirci Belediyespor, DMD hastas\u0131 4 ya\u015f\u0131ndaki Rahmi Kerem Keskin\u2019in tedavisine destek olmak amac\u0131yla A Milli Futbol Tak\u0131m\u0131 oyuncular\u0131n\u0131n imzalad\u0131\u011f\u0131 ay-y\u0131ld\u0131zl\u0131 formay\u0131 a\u00e7\u0131k art\u0131rmaya \u00e7\u0131kar\u0131rken, elde edilecek gelirin tamam\u0131n\u0131n Manisa Valili\u011fi onayl\u0131 ba\u011f\u0131\u015f hesab\u0131na aktar\u0131laca\u011f\u0131n\u0131 duyurdu. Manisa\u2019n\u0131n Demirci il\u00e7esinde, 4 ya\u015f\u0131ndaki DMD hastas\u0131 Rahmi Kerem Keskin i\u00e7in ba\u015flat\u0131lan vefa hareketi b\u00fcy\u00fcyerek devam ediyor. Demirci Devlet Hastanesi\u2019nde&#8230;<\/p>\n","protected":false},"author":1,"featured_media":92363,"comment_status":"open","ping_status":"open","sticky":false,"template":"","format":"standard","meta":{"_crdt_document":"","footnotes":""},"categories":[123],"tags":[],"class_list":["post-92362","post","type-post","status-publish","format-standard","has-post-thumbnail","hentry","category-gundem"],"_links":{"self":[{"href":"https:\/\/www.egemtv.com\/index.php?rest_route=\/wp\/v2\/posts\/92362","targetHints":{"allow":["GET"]}}],"collection":[{"href":"https:\/\/www.egemtv.com\/index.php?rest_route=\/wp\/v2\/posts"}],"about":[{"href":"https:\/\/www.egemtv.com\/index.php?rest_route=\/wp\/v2\/types\/post"}],"author":[{"embeddable":true,"href":"https:\/\/www.egemtv.com\/index.php?rest_route=\/wp\/v2\/users\/1"}],"replies":[{"embeddable":true,"href":"https:\/\/www.egemtv.com\/index.php?rest_route=%2Fwp%2Fv2%2Fcomments&post=92362"}],"version-history":[{"count":1,"href":"https:\/\/www.egemtv.com\/index.php?rest_route=\/wp\/v2\/posts\/92362\/revisions"}],"predecessor-version":[{"id":92364,"href":"https:\/\/www.egemtv.com\/index.php?rest_route=\/wp\/v2\/posts\/92362\/revisions\/92364"}],"wp:featuredmedia":[{"embeddable":true,"href":"https:\/\/www.egemtv.com\/index.php?rest_route=\/wp\/v2\/media\/92363"}],"wp:attachment":[{"href":"https:\/\/www.egemtv.com\/index.php?rest_route=%2Fwp%2Fv2%2Fmedia&parent=92362"}],"wp:term":[{"taxonomy":"category","embeddable":true,"href":"https:\/\/www.egemtv.com\/index.php?rest_route=%2Fwp%2Fv2%2Fcategories&post=92362"},{"taxonomy":"post_tag","embeddable":true,"href":"https:\/\/www.egemtv.com\/index.php?rest_route=%2Fwp%2Fv2%2Ftags&post=92362"}],"curies":[{"name":"wp","href":"https:\/\/api.w.org\/{rel}","templated":true}]}}