{"id":92359,"date":"2026-03-06T17:55:49","date_gmt":"2026-03-06T14:55:49","guid":{"rendered":"https:\/\/www.egemtv.com\/?p=92359"},"modified":"2026-03-06T17:55:50","modified_gmt":"2026-03-06T14:55:50","slug":"salihlide-4-katli-bina-alevlere-teslim-oldu","status":"publish","type":"post","link":"https:\/\/www.egemtv.com\/?p=92359","title":{"rendered":"Salihli\u2019de 4 katl\u0131 bina alevlere teslim oldu"},"content":{"rendered":"<p>Manisa\u2019n\u0131n Salihli il\u00e7esinde 4 katl\u0131 bir binan\u0131n son kat\u0131nda \u00e7\u0131kan yang\u0131n, itfaiye ekiplerinin m\u00fcdahalesiyle kontrol alt\u0131na al\u0131nd\u0131.<br \/>\n<br \/>Olay, Y\u00f6r\u00fck Mahallesi G\u00fcm\u00fc\u015f\u00e7ay\u0131 Caddesi\u2019nde, R\u00fc\u015ft\u00fc Akb\u0131y\u0131ko\u011flu Okulu yan\u0131nda meydana geldi. Edinilen bilgiye g\u00f6re, 4 katl\u0131 binan\u0131n son kat\u0131nda H.\u015e.\u2019ye ait ikamette bilinmeyen nedenle yang\u0131n \u00e7\u0131kt\u0131. Duman ve alevleri g\u00f6ren \u00e7evredeki vatanda\u015flar durumu 112 Acil \u00c7a\u011fr\u0131 Merkezine bildirdi. \u0130hbar \u00fczerine olay yerine itfaiye, polis ve elektrik da\u011f\u0131t\u0131m \u015firketi ekipleri sevk edildi.<br \/>\n<br \/>Manisa B\u00fcy\u00fck\u015fehir Belediyesi \u0130tfaiye Daire Ba\u015fkanl\u0131\u011f\u0131na ba\u011fl\u0131 Salihli Amirli\u011fi ekiplerinin yo\u011fun \u00e7al\u0131\u015fmas\u0131yla yang\u0131n s\u00f6nd\u00fcr\u00fcld\u00fc. Yang\u0131nda can kayb\u0131 veya yaralanma ya\u015fanmazken, ikamette ve binan\u0131n \u00e7at\u0131 kat\u0131nda maddi hasar meydana geldi. Yang\u0131nla ilgili soru\u015fturma ba\u015flat\u0131ld\u0131.<br \/><\/p>\n","protected":false},"excerpt":{"rendered":"<p>Manisa\u2019n\u0131n Salihli il\u00e7esinde 4 katl\u0131 bir binan\u0131n son kat\u0131nda \u00e7\u0131kan yang\u0131n, itfaiye ekiplerinin m\u00fcdahalesiyle kontrol alt\u0131na al\u0131nd\u0131. Olay, Y\u00f6r\u00fck Mahallesi G\u00fcm\u00fc\u015f\u00e7ay\u0131 Caddesi\u2019nde, R\u00fc\u015ft\u00fc Akb\u0131y\u0131ko\u011flu Okulu yan\u0131nda meydana geldi. Edinilen bilgiye g\u00f6re, 4 katl\u0131 binan\u0131n son kat\u0131nda H.\u015e.\u2019ye ait ikamette bilinmeyen nedenle yang\u0131n \u00e7\u0131kt\u0131. Duman ve alevleri g\u00f6ren \u00e7evredeki vatanda\u015flar durumu 112 Acil \u00c7a\u011fr\u0131 Merkezine bildirdi&#8230;.<\/p>\n","protected":false},"author":1,"featured_media":92360,"comment_status":"open","ping_status":"open","sticky":false,"template":"","format":"standard","meta":{"_crdt_document":"","footnotes":""},"categories":[5],"tags":[],"class_list":["post-92359","post","type-post","status-publish","format-standard","has-post-thumbnail","hentry","category-asayis"],"_links":{"self":[{"href":"https:\/\/www.egemtv.com\/index.php?rest_route=\/wp\/v2\/posts\/92359","targetHints":{"allow":["GET"]}}],"collection":[{"href":"https:\/\/www.egemtv.com\/index.php?rest_route=\/wp\/v2\/posts"}],"about":[{"href":"https:\/\/www.egemtv.com\/index.php?rest_route=\/wp\/v2\/types\/post"}],"author":[{"embeddable":true,"href":"https:\/\/www.egemtv.com\/index.php?rest_route=\/wp\/v2\/users\/1"}],"replies":[{"embeddable":true,"href":"https:\/\/www.egemtv.com\/index.php?rest_route=%2Fwp%2Fv2%2Fcomments&post=92359"}],"version-history":[{"count":1,"href":"https:\/\/www.egemtv.com\/index.php?rest_route=\/wp\/v2\/posts\/92359\/revisions"}],"predecessor-version":[{"id":92361,"href":"https:\/\/www.egemtv.com\/index.php?rest_route=\/wp\/v2\/posts\/92359\/revisions\/92361"}],"wp:featuredmedia":[{"embeddable":true,"href":"https:\/\/www.egemtv.com\/index.php?rest_route=\/wp\/v2\/media\/92360"}],"wp:attachment":[{"href":"https:\/\/www.egemtv.com\/index.php?rest_route=%2Fwp%2Fv2%2Fmedia&parent=92359"}],"wp:term":[{"taxonomy":"category","embeddable":true,"href":"https:\/\/www.egemtv.com\/index.php?rest_route=%2Fwp%2Fv2%2Fcategories&post=92359"},{"taxonomy":"post_tag","embeddable":true,"href":"https:\/\/www.egemtv.com\/index.php?rest_route=%2Fwp%2Fv2%2Ftags&post=92359"}],"curies":[{"name":"wp","href":"https:\/\/api.w.org\/{rel}","templated":true}]}}