{"id":92311,"date":"2026-03-06T14:54:41","date_gmt":"2026-03-06T11:54:41","guid":{"rendered":"https:\/\/www.egemtv.com\/?p=92311"},"modified":"2026-03-06T14:54:42","modified_gmt":"2026-03-06T11:54:42","slug":"salihlili-4-judocu-avrupa-kupasinda-milli-formayi-giyecek","status":"publish","type":"post","link":"https:\/\/www.egemtv.com\/?p=92311","title":{"rendered":"Salihlili 4 judocu Avrupa Kupas\u0131\u2019nda milli formay\u0131 giyecek"},"content":{"rendered":"<p>Manisa\u2019n\u0131n Salihli il\u00e7esinin 4 ba\u015far\u0131l\u0131 judocusu, Avrupa Kupas\u0131\u2019nda milli tak\u0131m formas\u0131yla T\u00fcrkiye\u2019yi temsil edecek.<br \/>\n<br \/>Salihli Belediyespor Kul\u00fcb\u00fc sporcular\u0131 Mustafa G\u00f6de, Sultannur Diker, Hira K\u0131lk\u0131\u015f ve M\u00fcr\u00fcvetnur \u00d6zkan, 7-8 Mart tarihlerinde Antalya\u2019da d\u00fczenlenecek Avrupa Kupas\u0131\u2019nda ay-y\u0131ld\u0131zl\u0131 forma ile tatamiye \u00e7\u0131kacak. Ba\u015far\u0131l\u0131 sporcular, hem T\u00fcrkiye hem de Salihli ad\u0131na madalya m\u00fccadelesi verecek.<br \/>\n<br \/>\u0130l\u00e7e Gen\u00e7lik ve Spor M\u00fcd\u00fcr\u00fc Oktay Ayaz, Avrupa Kupas\u0131\u2019nda milli tak\u0131m formas\u0131yla m\u00fccadele edecek sporcular\u0131 tebrik ederek ba\u015far\u0131lar diledi.<br \/><\/p>\n","protected":false},"excerpt":{"rendered":"<p>Manisa\u2019n\u0131n Salihli il\u00e7esinin 4 ba\u015far\u0131l\u0131 judocusu, Avrupa Kupas\u0131\u2019nda milli tak\u0131m formas\u0131yla T\u00fcrkiye\u2019yi temsil edecek. Salihli Belediyespor Kul\u00fcb\u00fc sporcular\u0131 Mustafa G\u00f6de, Sultannur Diker, Hira K\u0131lk\u0131\u015f ve M\u00fcr\u00fcvetnur \u00d6zkan, 7-8 Mart tarihlerinde Antalya\u2019da d\u00fczenlenecek Avrupa Kupas\u0131\u2019nda ay-y\u0131ld\u0131zl\u0131 forma ile tatamiye \u00e7\u0131kacak. Ba\u015far\u0131l\u0131 sporcular, hem T\u00fcrkiye hem de Salihli ad\u0131na madalya m\u00fccadelesi verecek. \u0130l\u00e7e Gen\u00e7lik ve Spor M\u00fcd\u00fcr\u00fc&#8230;<\/p>\n","protected":false},"author":1,"featured_media":92312,"comment_status":"open","ping_status":"open","sticky":false,"template":"","format":"standard","meta":{"_crdt_document":"","footnotes":""},"categories":[4],"tags":[],"class_list":["post-92311","post","type-post","status-publish","format-standard","has-post-thumbnail","hentry","category-spor"],"_links":{"self":[{"href":"https:\/\/www.egemtv.com\/index.php?rest_route=\/wp\/v2\/posts\/92311","targetHints":{"allow":["GET"]}}],"collection":[{"href":"https:\/\/www.egemtv.com\/index.php?rest_route=\/wp\/v2\/posts"}],"about":[{"href":"https:\/\/www.egemtv.com\/index.php?rest_route=\/wp\/v2\/types\/post"}],"author":[{"embeddable":true,"href":"https:\/\/www.egemtv.com\/index.php?rest_route=\/wp\/v2\/users\/1"}],"replies":[{"embeddable":true,"href":"https:\/\/www.egemtv.com\/index.php?rest_route=%2Fwp%2Fv2%2Fcomments&post=92311"}],"version-history":[{"count":1,"href":"https:\/\/www.egemtv.com\/index.php?rest_route=\/wp\/v2\/posts\/92311\/revisions"}],"predecessor-version":[{"id":92313,"href":"https:\/\/www.egemtv.com\/index.php?rest_route=\/wp\/v2\/posts\/92311\/revisions\/92313"}],"wp:featuredmedia":[{"embeddable":true,"href":"https:\/\/www.egemtv.com\/index.php?rest_route=\/wp\/v2\/media\/92312"}],"wp:attachment":[{"href":"https:\/\/www.egemtv.com\/index.php?rest_route=%2Fwp%2Fv2%2Fmedia&parent=92311"}],"wp:term":[{"taxonomy":"category","embeddable":true,"href":"https:\/\/www.egemtv.com\/index.php?rest_route=%2Fwp%2Fv2%2Fcategories&post=92311"},{"taxonomy":"post_tag","embeddable":true,"href":"https:\/\/www.egemtv.com\/index.php?rest_route=%2Fwp%2Fv2%2Ftags&post=92311"}],"curies":[{"name":"wp","href":"https:\/\/api.w.org\/{rel}","templated":true}]}}