{"id":92308,"date":"2026-03-06T14:54:40","date_gmt":"2026-03-06T11:54:40","guid":{"rendered":"https:\/\/www.egemtv.com\/?p=92308"},"modified":"2026-03-06T14:54:41","modified_gmt":"2026-03-06T11:54:41","slug":"uretici-kadinlarin-emeklerini-sergiledigi-alanda-anlasmazlik-iddiasi","status":"publish","type":"post","link":"https:\/\/www.egemtv.com\/?p=92308","title":{"rendered":"\u00dcretici kad\u0131nlar\u0131n emeklerini sergiledi\u011fi alanda anla\u015fmazl\u0131k iddias\u0131"},"content":{"rendered":"<p>Ayd\u0131n\u2019\u0131n Bozdo\u011fan il\u00e7esinde \u00fcretici kad\u0131nlar\u0131n el eme\u011fi \u00fcr\u00fcnlerini sergilemesi i\u00e7in belediye taraf\u0131ndan d\u00fczenlemesi yap\u0131lan araziden dolay\u0131 anla\u015fmazl\u0131k ya\u015fand\u0131\u011f\u0131, b\u00f6lgedeki sat\u0131\u015f alanlar\u0131n\u0131n kald\u0131r\u0131lmas\u0131n\u0131n istendi\u011fi iddia edildi.<br \/>\n<br \/>Edinilen bilgilere g\u00f6re Bozdo\u011fan Belediyesi, il\u00e7e merkezinde uzun s\u00fcredir at\u0131l durumda bulunan ve zamanla \u00e7\u00f6p yuvas\u0131 haline geldi\u011fi belirtilen b\u00f6lgede \u00e7evre d\u00fczenleme \u00e7al\u0131\u015fmalar\u0131na ba\u015flad\u0131. Bu kapsamda bir b\u00f6l\u00fcmde otopark \u00e7al\u0131\u015fmas\u0131 yap\u0131l\u0131rken, biti\u015fi\u011findeki bo\u015f alanda ise kad\u0131n eme\u011fi \u00fcr\u00fcnlerinin sergilenmesi ve sat\u0131\u015f\u0131n\u0131n yap\u0131labilmesi amac\u0131yla d\u00fczenleme ger\u00e7ekle\u015ftirildi. Belediye ekipleri taraf\u0131ndan temizlenen alanda parke ta\u015f\u0131 d\u00f6\u015fenerek \u00e7evre d\u00fczenlemesi yap\u0131ld\u0131. \u00c7al\u0131\u015fmalar\u0131n ard\u0131ndan il\u00e7ede el eme\u011fi \u00fcr\u00fcnler \u00fcreten kad\u0131nlar, herhangi bir \u00fccret talep edilmeden bu alana ta\u015f\u0131nd\u0131.<br \/>\n<br \/>S\u00f6z konusu alan\u0131n bir k\u0131sm\u0131n\u0131n \u00f6zel m\u00fclkiyete ait oldu\u011fu, belediye yetkililerinin daha \u00f6nce arazi sahibiyle g\u00f6r\u00fc\u015ferek yerin kiralanmas\u0131 ya da ilerleyen s\u00fcre\u00e7te sat\u0131n al\u0131nmas\u0131 konusunda temaslarda bulundu\u011fu ileri s\u00fcr\u00fcld\u00fc. Ancak arazi sahibinin yap\u0131lan anla\u015fmadan vazge\u00e7ti\u011fi ve alan\u0131n bo\u015falt\u0131lmas\u0131n\u0131 talep etti\u011fi iddia edildi. Ya\u015fanan geli\u015fmelerin ard\u0131ndan konunun yarg\u0131ya ta\u015f\u0131nd\u0131\u011f\u0131 \u00f6\u011frenilirken, \u00fcretici kad\u0131nlar\u0131n \u00e7\u0131kacak sonuca g\u00f6re hareket edece\u011fi \u00f6\u011frenildi.<br \/><\/p>\n","protected":false},"excerpt":{"rendered":"<p>Ayd\u0131n\u2019\u0131n Bozdo\u011fan il\u00e7esinde \u00fcretici kad\u0131nlar\u0131n el eme\u011fi \u00fcr\u00fcnlerini sergilemesi i\u00e7in belediye taraf\u0131ndan d\u00fczenlemesi yap\u0131lan araziden dolay\u0131 anla\u015fmazl\u0131k ya\u015fand\u0131\u011f\u0131, b\u00f6lgedeki sat\u0131\u015f alanlar\u0131n\u0131n kald\u0131r\u0131lmas\u0131n\u0131n istendi\u011fi iddia edildi. Edinilen bilgilere g\u00f6re Bozdo\u011fan Belediyesi, il\u00e7e merkezinde uzun s\u00fcredir at\u0131l durumda bulunan ve zamanla \u00e7\u00f6p yuvas\u0131 haline geldi\u011fi belirtilen b\u00f6lgede \u00e7evre d\u00fczenleme \u00e7al\u0131\u015fmalar\u0131na ba\u015flad\u0131. Bu kapsamda bir b\u00f6l\u00fcmde otopark \u00e7al\u0131\u015fmas\u0131&#8230;<\/p>\n","protected":false},"author":1,"featured_media":92309,"comment_status":"open","ping_status":"open","sticky":false,"template":"","format":"standard","meta":{"_crdt_document":"","footnotes":""},"categories":[1],"tags":[],"class_list":["post-92308","post","type-post","status-publish","format-standard","has-post-thumbnail","hentry","category-guncel"],"_links":{"self":[{"href":"https:\/\/www.egemtv.com\/index.php?rest_route=\/wp\/v2\/posts\/92308","targetHints":{"allow":["GET"]}}],"collection":[{"href":"https:\/\/www.egemtv.com\/index.php?rest_route=\/wp\/v2\/posts"}],"about":[{"href":"https:\/\/www.egemtv.com\/index.php?rest_route=\/wp\/v2\/types\/post"}],"author":[{"embeddable":true,"href":"https:\/\/www.egemtv.com\/index.php?rest_route=\/wp\/v2\/users\/1"}],"replies":[{"embeddable":true,"href":"https:\/\/www.egemtv.com\/index.php?rest_route=%2Fwp%2Fv2%2Fcomments&post=92308"}],"version-history":[{"count":1,"href":"https:\/\/www.egemtv.com\/index.php?rest_route=\/wp\/v2\/posts\/92308\/revisions"}],"predecessor-version":[{"id":92310,"href":"https:\/\/www.egemtv.com\/index.php?rest_route=\/wp\/v2\/posts\/92308\/revisions\/92310"}],"wp:featuredmedia":[{"embeddable":true,"href":"https:\/\/www.egemtv.com\/index.php?rest_route=\/wp\/v2\/media\/92309"}],"wp:attachment":[{"href":"https:\/\/www.egemtv.com\/index.php?rest_route=%2Fwp%2Fv2%2Fmedia&parent=92308"}],"wp:term":[{"taxonomy":"category","embeddable":true,"href":"https:\/\/www.egemtv.com\/index.php?rest_route=%2Fwp%2Fv2%2Fcategories&post=92308"},{"taxonomy":"post_tag","embeddable":true,"href":"https:\/\/www.egemtv.com\/index.php?rest_route=%2Fwp%2Fv2%2Ftags&post=92308"}],"curies":[{"name":"wp","href":"https:\/\/api.w.org\/{rel}","templated":true}]}}