{"id":92305,"date":"2026-03-06T14:34:54","date_gmt":"2026-03-06T11:34:54","guid":{"rendered":"https:\/\/www.egemtv.com\/?p=92305"},"modified":"2026-03-06T14:34:54","modified_gmt":"2026-03-06T11:34:54","slug":"kutahyada-orman-muhendislerine-amenajman-egitimi","status":"publish","type":"post","link":"https:\/\/www.egemtv.com\/?p=92305","title":{"rendered":"K\u00fctahya\u2019da orman m\u00fchendislerine amenajman e\u011fitimi"},"content":{"rendered":"<p>K\u00fctahya Orman B\u00f6lge M\u00fcd\u00fcrl\u00fc\u011f\u00fcne ba\u011fl\u0131 i\u015fletmelerde orman amenajman planlar\u0131n\u0131n yenilenmesine ba\u015flanacak olmas\u0131 sebebi ile orman m\u00fchendislerine y\u00f6nelik e\u011fitim program\u0131 d\u00fczenlendi.<br \/>\n<br \/>2026 y\u0131l\u0131 amenajman yat\u0131r\u0131m i\u015f program\u0131 kapsam\u0131nda ger\u00e7ekle\u015ftirilen e\u011fitimde, i\u015fletme m\u00fcd\u00fcrl\u00fcklerinde g\u00f6revli orman m\u00fchendislerine; orman fonksiyonlar\u0131n\u0131n belirlenmesi, bu fonksiyonlara ba\u011fl\u0131 i\u015fletme ama\u00e7lar\u0131n\u0131n ortaya konulmas\u0131 ve i\u015fletme planlar\u0131n\u0131n haz\u0131rlanmas\u0131 konular\u0131nda bilgi verildi.<br \/>\n<br \/>Amenajman, Rehberlik ve Denetim Ba\u015fm\u00fchendisleri ile Orman Amenajman Ba\u015fm\u00fchendislerinin verdi\u011fi e\u011fitimde, planlama s\u00fcrecinde izlenecek y\u00f6ntemler ve teknik detaylar ele al\u0131nd\u0131.<br \/>\n<br \/>Program kapsam\u0131nda ayr\u0131ca, planlama \u00e7al\u0131\u015fmalar\u0131nda ihtiya\u00e7 duyulan bilgi ve belgelerin temini ile i\u015fletme m\u00fcd\u00fcrl\u00fcklerinden talep edilen s\u00fcre\u00e7lere ili\u015fkin bilgilendirme yap\u0131ld\u0131.<br \/><\/p>\n","protected":false},"excerpt":{"rendered":"<p>K\u00fctahya Orman B\u00f6lge M\u00fcd\u00fcrl\u00fc\u011f\u00fcne ba\u011fl\u0131 i\u015fletmelerde orman amenajman planlar\u0131n\u0131n yenilenmesine ba\u015flanacak olmas\u0131 sebebi ile orman m\u00fchendislerine y\u00f6nelik e\u011fitim program\u0131 d\u00fczenlendi. 2026 y\u0131l\u0131 amenajman yat\u0131r\u0131m i\u015f program\u0131 kapsam\u0131nda ger\u00e7ekle\u015ftirilen e\u011fitimde, i\u015fletme m\u00fcd\u00fcrl\u00fcklerinde g\u00f6revli orman m\u00fchendislerine; orman fonksiyonlar\u0131n\u0131n belirlenmesi, bu fonksiyonlara ba\u011fl\u0131 i\u015fletme ama\u00e7lar\u0131n\u0131n ortaya konulmas\u0131 ve i\u015fletme planlar\u0131n\u0131n haz\u0131rlanmas\u0131 konular\u0131nda bilgi verildi. Amenajman, Rehberlik ve Denetim&#8230;<\/p>\n","protected":false},"author":1,"featured_media":92306,"comment_status":"open","ping_status":"open","sticky":false,"template":"","format":"standard","meta":{"_crdt_document":"","footnotes":""},"categories":[1],"tags":[],"class_list":["post-92305","post","type-post","status-publish","format-standard","has-post-thumbnail","hentry","category-guncel"],"_links":{"self":[{"href":"https:\/\/www.egemtv.com\/index.php?rest_route=\/wp\/v2\/posts\/92305","targetHints":{"allow":["GET"]}}],"collection":[{"href":"https:\/\/www.egemtv.com\/index.php?rest_route=\/wp\/v2\/posts"}],"about":[{"href":"https:\/\/www.egemtv.com\/index.php?rest_route=\/wp\/v2\/types\/post"}],"author":[{"embeddable":true,"href":"https:\/\/www.egemtv.com\/index.php?rest_route=\/wp\/v2\/users\/1"}],"replies":[{"embeddable":true,"href":"https:\/\/www.egemtv.com\/index.php?rest_route=%2Fwp%2Fv2%2Fcomments&post=92305"}],"version-history":[{"count":1,"href":"https:\/\/www.egemtv.com\/index.php?rest_route=\/wp\/v2\/posts\/92305\/revisions"}],"predecessor-version":[{"id":92307,"href":"https:\/\/www.egemtv.com\/index.php?rest_route=\/wp\/v2\/posts\/92305\/revisions\/92307"}],"wp:featuredmedia":[{"embeddable":true,"href":"https:\/\/www.egemtv.com\/index.php?rest_route=\/wp\/v2\/media\/92306"}],"wp:attachment":[{"href":"https:\/\/www.egemtv.com\/index.php?rest_route=%2Fwp%2Fv2%2Fmedia&parent=92305"}],"wp:term":[{"taxonomy":"category","embeddable":true,"href":"https:\/\/www.egemtv.com\/index.php?rest_route=%2Fwp%2Fv2%2Fcategories&post=92305"},{"taxonomy":"post_tag","embeddable":true,"href":"https:\/\/www.egemtv.com\/index.php?rest_route=%2Fwp%2Fv2%2Ftags&post=92305"}],"curies":[{"name":"wp","href":"https:\/\/api.w.org\/{rel}","templated":true}]}}