{"id":92302,"date":"2026-03-06T14:34:52","date_gmt":"2026-03-06T11:34:52","guid":{"rendered":"https:\/\/www.egemtv.com\/?p=92302"},"modified":"2026-03-06T14:34:53","modified_gmt":"2026-03-06T11:34:53","slug":"izmirde-4-bin-200-agaclik-itfaiye-korusu-acildi","status":"publish","type":"post","link":"https:\/\/www.egemtv.com\/?p=92302","title":{"rendered":"\u0130zmir\u2019de 4 bin 200 a\u011fa\u00e7l\u0131k \u2019\u0130tfaiye Korusu\u2019 a\u00e7\u0131ld\u0131"},"content":{"rendered":"<p>\u0130zmir B\u00fcy\u00fck\u015fehir Belediye Ba\u015fkan\u0131 Cemil Tugay, A\u015f\u0131k Veysel Alan\u0131 yan\u0131nda kurulacak \u2019\u0130zmir \u0130tfaiyesi Korusu Mikro Orman\u2019\u0131n a\u00e7\u0131l\u0131\u015f\u0131nda alana 4 bin 200 a\u011fa\u00e7 dikilece\u011fini a\u00e7\u0131klad\u0131. Tugay, \u0130zmir \u0130tfaiyesi\u2019nin ge\u00e7en y\u0131l 15 bin 800 yang\u0131na m\u00fcdahale etti\u011fini ve yakla\u015f\u0131k 12 bin kurtarma operasyonu ger\u00e7ekle\u015ftirdi\u011fini s\u00f6yledi.<br \/>\n<br \/>\u0130zmir B\u00fcy\u00fck\u015fehir Belediye Ba\u015fkan\u0131 Cemil Tugay, A\u015f\u0131k Veysel Alan\u0131\u2019n\u0131n yan\u0131ndaki 8 bin metrekarelik alanda kurulacak \u2019\u0130zmir \u0130tfaiyesi Korusu Mikro Orman\u2019 uygulamas\u0131n\u0131n a\u00e7\u0131l\u0131\u015f\u0131na kat\u0131ld\u0131. Tugay, \u0130zmir itfaiyesinin ge\u00e7ti\u011fimiz y\u0131l 15 bin 800 yang\u0131na m\u00fcdahale ederek 12 bine yak\u0131n kurtarma i\u015flemi yapt\u0131\u011f\u0131n\u0131 belirterek, alana 4 bin 200 a\u011fa\u00e7 dikilece\u011fini s\u00f6yledi.<\/p>\n<p>&#8220;A\u011fa\u00e7 varsa medeniyet vard\u0131r&#8221;<br \/>\n<br \/>A\u00e7\u0131l\u0131\u015fta konu\u015fan \u0130zmir B\u00fcy\u00fck\u015fehir Belediye Ba\u015fkan\u0131 Cemil Tugay, kentte ye\u015fil alanlar\u0131n art\u0131r\u0131lmas\u0131 i\u00e7in \u00e7al\u0131\u015fmalar\u0131n s\u00fcrd\u00fc\u011f\u00fcn\u00fc belirterek, &#8220;Yap\u0131lacak en g\u00fczel i\u015flerden birini yapmak i\u00e7in buraday\u0131z. A\u011fa\u00e7 dikmek i\u00e7in buraday\u0131z. Buraya bug\u00fcn 4 bin 200 a\u011fa\u00e7 dikece\u011fiz. Farkl\u0131 a\u011fa\u00e7lar olacak, farkl\u0131 bitki t\u00fcrleri de olacak. Herhangi bir \u015fehre gitti\u011finiz zaman ilk bakt\u0131\u011f\u0131m\u0131z \u015fey buras\u0131 ye\u015fil bir yer mi, burada a\u011fa\u00e7 var m\u0131, k\u00fc\u00e7\u00fck ormanlar var m\u0131 olur. E\u011fer bir yerde orman \u00e7oksa, o insanlar medeni insanlard\u0131r. Ben medeniyim diyen \u015fehir, a\u011faca ve do\u011faya sahip \u00e7\u0131kacak. Biz insanlar tek ba\u015f\u0131na ya\u015fayan canl\u0131lar de\u011filiz. Milyonlarca canl\u0131yla birlikte ya\u015f\u0131yoruz. Do\u011fay\u0131 bozarsak mutlu olamay\u0131z. Belediyeler bu y\u00f6nde \u00e7al\u0131\u015fmalar yapacak ama yetmez. Her yurtta\u015f\u0131n da bu bilince sahip olmas\u0131 ve do\u011faya zarar vermemesi gerekiyor&#8221; ifadelerini kulland\u0131.<\/p>\n<p>&#8220;A\u011fa\u00e7land\u0131rma benim i\u00e7in bir ba\u015far\u0131 kriteri&#8221;<br \/>\n<br \/>G\u00f6rev s\u00fcresi boyunca a\u011fa\u00e7land\u0131rma \u00e7al\u0131\u015fmalar\u0131na b\u00fcy\u00fck \u00f6nem verdi\u011fini ifade eden Tugay, bunun kendisi i\u00e7in bir ba\u015far\u0131 \u00f6l\u00e7\u00fct\u00fc oldu\u011funu belirterek, &#8220;A\u011fa\u00e7land\u0131rma \u00e7al\u0131\u015fmalar\u0131na devam ediyoruz. Ben ne kadar a\u011fa\u00e7 dikti\u011fimize bakar\u0131m. Bu g\u00f6rev s\u00fcremde ba\u015far\u0131 kriterlerimden biri budur. Kendime s\u00f6z verdim. Ben do\u011faya, bitkiye ve a\u011faca d\u00fc\u015fk\u00fcn bir insan\u0131m. O nedenle ne kadar \u00e7ok yapabilirsek o kadar \u00e7ok a\u011fa\u00e7 dikece\u011fiz. Her bir a\u011fa\u00e7 bu \u015fehrin oksijeni. Bizler dikece\u011fiz, yurtta\u015flar\u0131m\u0131z da bunlar\u0131 koruyacak&#8221; dedi.<\/p>\n<p>&#8220;\u0130tfaiyeciler bizim kahraman\u0131m\u0131z&#8221;<br \/>\n<br \/>Konu\u015fmas\u0131nda \u0130zmir \u0130tfaiyesi \u00e7al\u0131\u015fanlar\u0131na da te\u015fekk\u00fcr eden Tugay, olu\u015fturulacak korunun itfaiyecilere ithaf edilece\u011fini belirterek, &#8220;\u0130tfaiyeci arkada\u015flar\u0131m\u0131z\u0131n hepsi bizim i\u00e7in kahraman. \u0130zmir\u2019de 63 farkl\u0131 istasyonda bin 500\u2019den fazla itfaiyeci arkada\u015f\u0131m\u0131z g\u00f6rev yap\u0131yor. Yeni ba\u015flayan arkada\u015flar\u0131m\u0131z var, onlar bizim i\u00e7in gurur kayna\u011f\u0131. Ne zaman yapt\u0131klar\u0131 i\u015fi izlesem ne kadar zor bir i\u015f yapt\u0131klar\u0131n\u0131 g\u00f6r\u00fcyorum. Manevi olarak da itfaiyemizin onurland\u0131r\u0131lmas\u0131 laz\u0131m. Bu alan itfaiyecilerimize ithaf edilmi\u015f bir yer olacak ve \u0130zmir \u0130tfaiyesi Orman\u0131 olarak isimlendirilecek&#8221; ifadelerini kulland\u0131.<\/p>\n<p>&#8220;Ge\u00e7en y\u0131l 15 bin 800 yang\u0131na m\u00fcdahale edildi&#8221;<br \/>\n<br \/>\u0130tfaiye ekiplerinin ge\u00e7en y\u0131l y\u00fcr\u00fctt\u00fc\u011f\u00fc \u00e7al\u0131\u015fmalara da de\u011finen Tugay, &#8220;Ge\u00e7en y\u0131l sadece 15 bin 800 yang\u0131na m\u00fcdahale ettiler. 12 bine yak\u0131n kurtarma i\u015flemi yapt\u0131lar. Bu kadar b\u00fcy\u00fck say\u0131 onlar\u0131n gece g\u00fcnd\u00fcz \u00e7al\u0131\u015fmas\u0131n\u0131n sonucudur. \u00c7ok uzun y\u0131llard\u0131r emek harcayanlar var, yeni ba\u015flayanlar var. Hepsine \u0130zmir\u2019e verdikleri emek i\u00e7in te\u015fekk\u00fcr ediyorum&#8221; dedi.<\/p>\n<p>&#8220;Liyakatli insanlar i\u015fe al\u0131nmal\u0131&#8221;<br \/>\n<br \/>T\u00fcrkiye\u2019nin k\u00f6kl\u00fc bir medeniyetin devam\u0131 oldu\u011funu belirten Tugay, \u00fclkeyi k\u00f6t\u00fcleyen yakla\u015f\u0131mlar\u0131 do\u011fru bulmad\u0131\u011f\u0131n\u0131 ifade ederek, &#8220;Biz binlerce y\u0131ll\u0131k medeniyetin devam\u0131 olan nesilleriz. Hep birlikte \u00e7ok \u00f6nemli bir k\u00fclt\u00fcr\u00fcn devam\u0131y\u0131z. En ufak bir sebeple \u00fclkemizi karalamaya \u00e7al\u0131\u015fanlar var. \u00dclkemiz k\u00f6t\u00fc y\u00f6netiliyor olabilir ama gidip ba\u015fka \u00fclkelerde ayak i\u015fleri yapmak ve diz \u00e7\u00f6kmek, onlar\u0131n bizi oyuncak gibi kullanmas\u0131na diz \u00e7\u00f6kmek onursuzluktur. Ben bunu T\u00fcrk milletine yak\u0131\u015ft\u0131ram\u0131yorum. Kendimize bakmal\u0131 ve neleri ba\u015farabilece\u011fimizi yeniden g\u00f6rmeliyiz. \u00d6nce kendi neslimize sahip \u00e7\u0131kmay\u0131 \u00f6\u011frenece\u011fiz. Bu \u00fclkeye iyi \u015feyler yapmak i\u00e7in yar\u0131\u015faca\u011f\u0131z&#8221; ifadelerini kulland\u0131.<br \/>\n<br \/>A\u00e7\u0131l\u0131\u015fta kendisine CV veren vatanda\u015flara da de\u011finen Tugay, i\u015fe al\u0131mlar\u0131n liyakat esas\u0131na g\u00f6re yap\u0131ld\u0131\u011f\u0131n\u0131 belirterek, &#8220;Alana girerken birka\u00e7 ki\u015fi CV verdi ve \u2018i\u015fe al\u0131n\u2019 dedi. Cemil Tugay olarak ben i\u015fe alm\u0131yorum. \u0130htiya\u00e7 oldu\u011funda belirlenir, ba\u015fvuranlar aras\u0131ndan liyakatli se\u00e7im yap\u0131l\u0131r. Komisyonda se\u00e7im yap\u0131l\u0131yor. Biz d\u00fczg\u00fcn bir \u00fclke olmak istiyor muyuz? O i\u015fi hak etmi\u015f liyakatli insanlar\u0131 alaca\u011f\u0131z ve haklar\u0131n\u0131 \u00f6deyece\u011fiz. Benim ricamd\u0131r, bu \u00fclkeye b\u00f6yle sahip \u00e7\u0131k\u0131n. Pop\u00fclist yakla\u015f\u0131mlarla sahip \u00e7\u0131k\u0131lmaz, uygulamada da adil olman\u0131z laz\u0131m. Bizler bunu yapmaya \u00e7al\u0131\u015f\u0131yoruz, eksi\u011fimiz varsa d\u00fczeltmek i\u00e7in gayret ediyoruz. Ancak bu \u00fclkenin kaynaklar\u0131, madeni ve sanayisi ile herkesin karn\u0131n\u0131 doyuracak kapasiteye sahip. Bakmay\u0131n fabrikalar\u0131 kapatt\u0131lar. K\u00f6t\u00fc y\u00f6nettikleri i\u00e7in kriz var, do\u011frudur ama bunlar\u0131n hepsi d\u00fczelir. Yeter ki \u00fclkesine sayg\u0131s\u0131 olan insanlar taraf\u0131ndan y\u00f6netilsin. Bu g\u00f6reve kim gelirse sadece bunlar\u0131 d\u00fc\u015f\u00fcnmesi ve sonuna kadar \u00e7al\u0131\u015fmas\u0131 gerekiyor. \u00c7al\u0131\u015fmadan \u00fclke d\u00fczelmez. Herkesi \u00e7al\u0131\u015fmaya davet ediyoruz&#8221; dedi.<br \/><\/p>\n","protected":false},"excerpt":{"rendered":"<p>\u0130zmir B\u00fcy\u00fck\u015fehir Belediye Ba\u015fkan\u0131 Cemil Tugay, A\u015f\u0131k Veysel Alan\u0131 yan\u0131nda kurulacak \u2019\u0130zmir \u0130tfaiyesi Korusu Mikro Orman\u2019\u0131n a\u00e7\u0131l\u0131\u015f\u0131nda alana 4 bin 200 a\u011fa\u00e7 dikilece\u011fini a\u00e7\u0131klad\u0131. Tugay, \u0130zmir \u0130tfaiyesi\u2019nin ge\u00e7en y\u0131l 15 bin 800 yang\u0131na m\u00fcdahale etti\u011fini ve yakla\u015f\u0131k 12 bin kurtarma operasyonu ger\u00e7ekle\u015ftirdi\u011fini s\u00f6yledi. \u0130zmir B\u00fcy\u00fck\u015fehir Belediye Ba\u015fkan\u0131 Cemil Tugay, A\u015f\u0131k Veysel Alan\u0131\u2019n\u0131n yan\u0131ndaki 8 bin&#8230;<\/p>\n","protected":false},"author":1,"featured_media":92303,"comment_status":"open","ping_status":"open","sticky":false,"template":"","format":"standard","meta":{"_crdt_document":"","footnotes":""},"categories":[1],"tags":[],"class_list":["post-92302","post","type-post","status-publish","format-standard","has-post-thumbnail","hentry","category-guncel"],"_links":{"self":[{"href":"https:\/\/www.egemtv.com\/index.php?rest_route=\/wp\/v2\/posts\/92302","targetHints":{"allow":["GET"]}}],"collection":[{"href":"https:\/\/www.egemtv.com\/index.php?rest_route=\/wp\/v2\/posts"}],"about":[{"href":"https:\/\/www.egemtv.com\/index.php?rest_route=\/wp\/v2\/types\/post"}],"author":[{"embeddable":true,"href":"https:\/\/www.egemtv.com\/index.php?rest_route=\/wp\/v2\/users\/1"}],"replies":[{"embeddable":true,"href":"https:\/\/www.egemtv.com\/index.php?rest_route=%2Fwp%2Fv2%2Fcomments&post=92302"}],"version-history":[{"count":1,"href":"https:\/\/www.egemtv.com\/index.php?rest_route=\/wp\/v2\/posts\/92302\/revisions"}],"predecessor-version":[{"id":92304,"href":"https:\/\/www.egemtv.com\/index.php?rest_route=\/wp\/v2\/posts\/92302\/revisions\/92304"}],"wp:featuredmedia":[{"embeddable":true,"href":"https:\/\/www.egemtv.com\/index.php?rest_route=\/wp\/v2\/media\/92303"}],"wp:attachment":[{"href":"https:\/\/www.egemtv.com\/index.php?rest_route=%2Fwp%2Fv2%2Fmedia&parent=92302"}],"wp:term":[{"taxonomy":"category","embeddable":true,"href":"https:\/\/www.egemtv.com\/index.php?rest_route=%2Fwp%2Fv2%2Fcategories&post=92302"},{"taxonomy":"post_tag","embeddable":true,"href":"https:\/\/www.egemtv.com\/index.php?rest_route=%2Fwp%2Fv2%2Ftags&post=92302"}],"curies":[{"name":"wp","href":"https:\/\/api.w.org\/{rel}","templated":true}]}}