{"id":92299,"date":"2026-03-06T13:55:34","date_gmt":"2026-03-06T10:55:34","guid":{"rendered":"https:\/\/www.egemtv.com\/?p=92299"},"modified":"2026-03-06T13:55:34","modified_gmt":"2026-03-06T10:55:34","slug":"afad-okullarda-egitimlerine-devam-ediyor","status":"publish","type":"post","link":"https:\/\/www.egemtv.com\/?p=92299","title":{"rendered":"AFAD okullarda e\u011fitimlerine devam ediyor"},"content":{"rendered":"<p>Afyonkarahisar \u0130l Afet ve Acil Durum (AFAD) M\u00fcd\u00fcrl\u00fc\u011f\u00fc taraf\u0131ndan okullarda ger\u00e7ekle\u015ftirilen yang\u0131n ve afet tatbikatlar\u0131 devam ediyor.<br \/>\n<br \/>AFAD ekipleri taraf\u0131ndan ger\u00e7ekle\u015ftirilen 1-7 Mart Deprem Haftas\u0131 etkinlikleri devam ediyor. Etkinlikler \u00e7er\u00e7evesinde TOK\u0130 Mevlana \u0130lkokulu ve Ortaokulunda afet fark\u0131ndal\u0131k e\u011fitimi verildi.<br \/>\n<br \/>Tatbikatta \u00f6nce \u00f6\u011frencilere deprem, tahliye ve yang\u0131n konular\u0131nda bilgilendirme yap\u0131ld\u0131 atd\u0131ndan tatbikat yap\u0131ld\u0131.<br \/><\/p>\n","protected":false},"excerpt":{"rendered":"<p>Afyonkarahisar \u0130l Afet ve Acil Durum (AFAD) M\u00fcd\u00fcrl\u00fc\u011f\u00fc taraf\u0131ndan okullarda ger\u00e7ekle\u015ftirilen yang\u0131n ve afet tatbikatlar\u0131 devam ediyor. AFAD ekipleri taraf\u0131ndan ger\u00e7ekle\u015ftirilen 1-7 Mart Deprem Haftas\u0131 etkinlikleri devam ediyor. Etkinlikler \u00e7er\u00e7evesinde TOK\u0130 Mevlana \u0130lkokulu ve Ortaokulunda afet fark\u0131ndal\u0131k e\u011fitimi verildi. Tatbikatta \u00f6nce \u00f6\u011frencilere deprem, tahliye ve yang\u0131n konular\u0131nda bilgilendirme yap\u0131ld\u0131 atd\u0131ndan tatbikat yap\u0131ld\u0131.<\/p>\n","protected":false},"author":1,"featured_media":92300,"comment_status":"open","ping_status":"open","sticky":false,"template":"","format":"standard","meta":{"_crdt_document":"","footnotes":""},"categories":[1],"tags":[],"class_list":["post-92299","post","type-post","status-publish","format-standard","has-post-thumbnail","hentry","category-guncel"],"_links":{"self":[{"href":"https:\/\/www.egemtv.com\/index.php?rest_route=\/wp\/v2\/posts\/92299","targetHints":{"allow":["GET"]}}],"collection":[{"href":"https:\/\/www.egemtv.com\/index.php?rest_route=\/wp\/v2\/posts"}],"about":[{"href":"https:\/\/www.egemtv.com\/index.php?rest_route=\/wp\/v2\/types\/post"}],"author":[{"embeddable":true,"href":"https:\/\/www.egemtv.com\/index.php?rest_route=\/wp\/v2\/users\/1"}],"replies":[{"embeddable":true,"href":"https:\/\/www.egemtv.com\/index.php?rest_route=%2Fwp%2Fv2%2Fcomments&post=92299"}],"version-history":[{"count":1,"href":"https:\/\/www.egemtv.com\/index.php?rest_route=\/wp\/v2\/posts\/92299\/revisions"}],"predecessor-version":[{"id":92301,"href":"https:\/\/www.egemtv.com\/index.php?rest_route=\/wp\/v2\/posts\/92299\/revisions\/92301"}],"wp:featuredmedia":[{"embeddable":true,"href":"https:\/\/www.egemtv.com\/index.php?rest_route=\/wp\/v2\/media\/92300"}],"wp:attachment":[{"href":"https:\/\/www.egemtv.com\/index.php?rest_route=%2Fwp%2Fv2%2Fmedia&parent=92299"}],"wp:term":[{"taxonomy":"category","embeddable":true,"href":"https:\/\/www.egemtv.com\/index.php?rest_route=%2Fwp%2Fv2%2Fcategories&post=92299"},{"taxonomy":"post_tag","embeddable":true,"href":"https:\/\/www.egemtv.com\/index.php?rest_route=%2Fwp%2Fv2%2Ftags&post=92299"}],"curies":[{"name":"wp","href":"https:\/\/api.w.org\/{rel}","templated":true}]}}