{"id":92296,"date":"2026-03-06T13:55:32","date_gmt":"2026-03-06T10:55:32","guid":{"rendered":"https:\/\/www.egemtv.com\/?p=92296"},"modified":"2026-03-06T13:55:33","modified_gmt":"2026-03-06T10:55:33","slug":"muftu-imamoglu-ramazan-ayi-insanlar-arasindaki-dayanisma-ve-kaynasma-ruhunu-pekistiriyor","status":"publish","type":"post","link":"https:\/\/www.egemtv.com\/?p=92296","title":{"rendered":"M\u00fcft\u00fc \u0130mamo\u011flu: &#8220;Ramazan ay\u0131 insanlar aras\u0131ndaki dayan\u0131\u015fma ve kayna\u015fma ruhunu peki\u015ftiriyor&#8221;"},"content":{"rendered":"<p>Afyonkarahisar \u0130l M\u00fcft\u00fcs\u00fc L\u00fctf\u00fc \u0130mamo\u011flu, Ramazan ay\u0131n\u0131n insanlar aras\u0131ndaki dayan\u0131\u015fma ve kayna\u015fma ruhunu peki\u015ftirdi\u011fini ifade etti.<br \/>\n<br \/>M\u00fcft\u00fc \u0130mamo\u011flu, e\u015fi Kur\u2019an Kursu \u00d6\u011freticisi M\u00fcnevver \u0130mamo\u011flu, M\u00fcft\u00fc Yard\u0131mc\u0131lar\u0131 ve \u015eehito\u011flu ailesinin de kat\u0131l\u0131mlar\u0131 ile Merkez Sabire \u015eehito\u011flu G\u00fcnd\u00fczl\u00fc Haf\u0131zl\u0131k K\u0131z Kur\u2019an Kursunda iftarda bir araya geldi. M\u00fcft\u00fc \u0130mamo\u011flu konu\u015fmas\u0131nda m\u00fcbarek Ramazan ay\u0131n\u0131n manevi atmosferinde bu t\u00fcr etkinlik ve programlar\u0131n insanlar\u0131n aras\u0131ndaki dayan\u0131\u015fma ve kayna\u015fma ruhunu peki\u015ftirdi\u011fi dikkat \u00e7ekerek, kat\u0131lanlara ve eme\u011fi ge\u00e7en kurs y\u00f6netici ile hocalar\u0131na ve hay\u0131rsahibi \u015eehito\u011flu ailesine te\u015fekk\u00fcr etti.<br \/><\/p>\n","protected":false},"excerpt":{"rendered":"<p>Afyonkarahisar \u0130l M\u00fcft\u00fcs\u00fc L\u00fctf\u00fc \u0130mamo\u011flu, Ramazan ay\u0131n\u0131n insanlar aras\u0131ndaki dayan\u0131\u015fma ve kayna\u015fma ruhunu peki\u015ftirdi\u011fini ifade etti. M\u00fcft\u00fc \u0130mamo\u011flu, e\u015fi Kur\u2019an Kursu \u00d6\u011freticisi M\u00fcnevver \u0130mamo\u011flu, M\u00fcft\u00fc Yard\u0131mc\u0131lar\u0131 ve \u015eehito\u011flu ailesinin de kat\u0131l\u0131mlar\u0131 ile Merkez Sabire \u015eehito\u011flu G\u00fcnd\u00fczl\u00fc Haf\u0131zl\u0131k K\u0131z Kur\u2019an Kursunda iftarda bir araya geldi. M\u00fcft\u00fc \u0130mamo\u011flu konu\u015fmas\u0131nda m\u00fcbarek Ramazan ay\u0131n\u0131n manevi atmosferinde bu t\u00fcr etkinlik&#8230;<\/p>\n","protected":false},"author":1,"featured_media":92297,"comment_status":"open","ping_status":"open","sticky":false,"template":"","format":"standard","meta":{"_crdt_document":"","footnotes":""},"categories":[1],"tags":[],"class_list":["post-92296","post","type-post","status-publish","format-standard","has-post-thumbnail","hentry","category-guncel"],"_links":{"self":[{"href":"https:\/\/www.egemtv.com\/index.php?rest_route=\/wp\/v2\/posts\/92296","targetHints":{"allow":["GET"]}}],"collection":[{"href":"https:\/\/www.egemtv.com\/index.php?rest_route=\/wp\/v2\/posts"}],"about":[{"href":"https:\/\/www.egemtv.com\/index.php?rest_route=\/wp\/v2\/types\/post"}],"author":[{"embeddable":true,"href":"https:\/\/www.egemtv.com\/index.php?rest_route=\/wp\/v2\/users\/1"}],"replies":[{"embeddable":true,"href":"https:\/\/www.egemtv.com\/index.php?rest_route=%2Fwp%2Fv2%2Fcomments&post=92296"}],"version-history":[{"count":1,"href":"https:\/\/www.egemtv.com\/index.php?rest_route=\/wp\/v2\/posts\/92296\/revisions"}],"predecessor-version":[{"id":92298,"href":"https:\/\/www.egemtv.com\/index.php?rest_route=\/wp\/v2\/posts\/92296\/revisions\/92298"}],"wp:featuredmedia":[{"embeddable":true,"href":"https:\/\/www.egemtv.com\/index.php?rest_route=\/wp\/v2\/media\/92297"}],"wp:attachment":[{"href":"https:\/\/www.egemtv.com\/index.php?rest_route=%2Fwp%2Fv2%2Fmedia&parent=92296"}],"wp:term":[{"taxonomy":"category","embeddable":true,"href":"https:\/\/www.egemtv.com\/index.php?rest_route=%2Fwp%2Fv2%2Fcategories&post=92296"},{"taxonomy":"post_tag","embeddable":true,"href":"https:\/\/www.egemtv.com\/index.php?rest_route=%2Fwp%2Fv2%2Ftags&post=92296"}],"curies":[{"name":"wp","href":"https:\/\/api.w.org\/{rel}","templated":true}]}}