{"id":92293,"date":"2026-03-06T13:34:50","date_gmt":"2026-03-06T10:34:50","guid":{"rendered":"https:\/\/www.egemtv.com\/?p=92293"},"modified":"2026-03-06T13:34:51","modified_gmt":"2026-03-06T10:34:51","slug":"honaz-tohum-merkezinde-yetistirilen-cicekler-kadinlara-hediye-edildi","status":"publish","type":"post","link":"https:\/\/www.egemtv.com\/?p=92293","title":{"rendered":"Honaz Tohum Merkezinde yeti\u015ftirilen \u00e7i\u00e7ekler kad\u0131nlara hediye edildi"},"content":{"rendered":"<p>Honaz Belediyesi, 8 Mart D\u00fcnya Kad\u0131nlar G\u00fcn\u00fc dolay\u0131s\u0131yla Yerel Tohum Merkezi\u2019nde yeti\u015ftirilen \u00e7uha \u00e7i\u00e7eklerini Honaz Kapal\u0131 Pazaryeri\u2019nde kad\u0131nlara da\u011f\u0131tt\u0131. Belediye Ba\u015fkan\u0131 Y\u00fcksel Kepenek, \u00e7i\u00e7ekleri kad\u0131nlara bizzat takdim ederek g\u00fcnlerini kutlad\u0131.<\/p>\n<p>Honaz Belediyesi, 8 Mart D\u00fcnya Kad\u0131nlar G\u00fcn\u00fc dolay\u0131s\u0131yla anlaml\u0131 bir etkinli\u011fe imza att\u0131. Belediye b\u00fcnyesinde faaliyet g\u00f6steren Yerel Tohum Merkezi\u2019nde yeti\u015ftirilen \u00e7uha \u00e7i\u00e7ekleri, Honaz Kapal\u0131 Pazaryeri\u2019nde d\u00fczenlenen programla Honazl\u0131 kad\u0131nlara hediye edildi. Her y\u0131l Yerel Tohum Merkezi\u2019nde yeti\u015ftirilen \u00e7i\u00e7ekleri kad\u0131nlarla bulu\u015fturan Honaz Belediyesi, bu y\u0131l da gelene\u011fini s\u00fcrd\u00fcrerek \u00e7uha \u00e7i\u00e7eklerini vatanda\u015flara da\u011f\u0131tt\u0131. Yo\u011fun ilgi g\u00f6ren etkinlikte Honazl\u0131 kad\u0131nlar ve vatanda\u015flar Kapal\u0131 Pazaryeri\u2019nde bir araya geldi. Honaz Belediye Ba\u015fkan\u0131 Y\u00fcksel Kepenek de programa kat\u0131larak Yerel Tohum Merkezi\u2019nde \u00fcretilen \u00e7uha \u00e7i\u00e7eklerini kad\u0131nlara bizzat takdim etti. Vatanda\u015flarla sohbet eden Ba\u015fkan Kepenek, kad\u0131nlar\u0131n 8 Mart D\u00fcnya Kad\u0131nlar G\u00fcn\u00fc\u2019n\u00fc kutlad\u0131.<\/p>\n<p>Ba\u015fkan Kepenek yapt\u0131\u011f\u0131 a\u00e7\u0131klamada, kad\u0131nlar\u0131n hayat\u0131n her alan\u0131nda \u00f6nemli bir yere sahip oldu\u011funu belirterek, &#8220;8 Mart D\u00fcnya Kad\u0131nlar G\u00fcn\u00fc dolay\u0131s\u0131yla Yerel Tohum Merkezimizde kendi emeklerimizle yeti\u015ftirdi\u011fimiz \u00e7uha \u00e7i\u00e7eklerini hem\u015fehrilerimize da\u011f\u0131tt\u0131k. Kad\u0131nlar\u0131m\u0131z\u0131n hayat\u0131m\u0131za katt\u0131\u011f\u0131 emek, sevgi ve fedak\u00e2rl\u0131k her \u015feyden \u00e7ok k\u0131ymetli. Bu g\u00fczel g\u00fcn\u00fc k\u00fc\u00e7\u00fck bir hat\u0131ra ile payla\u015fmak istedik. T\u00fcm kad\u0131nlar\u0131m\u0131z\u0131n 8 Mart D\u00fcnya Kad\u0131nlar G\u00fcn\u00fc\u2019n\u00fc g\u00f6n\u00fclden kutluyorum&#8221; dedi.<\/p>\n<p>8 Mart tarihinin anlam\u0131na da de\u011finen Kepenek, kad\u0131nlar\u0131n toplumsal hayattaki \u00f6nemine dikkat \u00e7ekerek, kad\u0131nlar\u0131n \u015fiddetten uzak, e\u015fit ve g\u00fcvenli bir d\u00fcnyada ya\u015famalar\u0131n\u0131 temenni ettiklerini ifade etti.<\/p>\n<p>Honaz Belediyesi taraf\u0131ndan d\u00fczenlenen etkinlik, hem kad\u0131nlar\u0131n D\u00fcnya Kad\u0131nlar G\u00fcn\u00fc\u2019n\u00fc kutlamak hem de belediyenin Yerel Tohum Merkezi\u2019nde \u00fcretilen \u00e7i\u00e7ekleri vatanda\u015flarla bulu\u015fturmak a\u00e7\u0131s\u0131ndan anlaml\u0131 bir bulu\u015fma oldu.<br \/><\/p>\n","protected":false},"excerpt":{"rendered":"<p>Honaz Belediyesi, 8 Mart D\u00fcnya Kad\u0131nlar G\u00fcn\u00fc dolay\u0131s\u0131yla Yerel Tohum Merkezi\u2019nde yeti\u015ftirilen \u00e7uha \u00e7i\u00e7eklerini Honaz Kapal\u0131 Pazaryeri\u2019nde kad\u0131nlara da\u011f\u0131tt\u0131. Belediye Ba\u015fkan\u0131 Y\u00fcksel Kepenek, \u00e7i\u00e7ekleri kad\u0131nlara bizzat takdim ederek g\u00fcnlerini kutlad\u0131. Honaz Belediyesi, 8 Mart D\u00fcnya Kad\u0131nlar G\u00fcn\u00fc dolay\u0131s\u0131yla anlaml\u0131 bir etkinli\u011fe imza att\u0131. Belediye b\u00fcnyesinde faaliyet g\u00f6steren Yerel Tohum Merkezi\u2019nde yeti\u015ftirilen \u00e7uha \u00e7i\u00e7ekleri, Honaz Kapal\u0131&#8230;<\/p>\n","protected":false},"author":1,"featured_media":92294,"comment_status":"open","ping_status":"open","sticky":false,"template":"","format":"standard","meta":{"_crdt_document":"","footnotes":""},"categories":[123],"tags":[],"class_list":["post-92293","post","type-post","status-publish","format-standard","has-post-thumbnail","hentry","category-gundem"],"_links":{"self":[{"href":"https:\/\/www.egemtv.com\/index.php?rest_route=\/wp\/v2\/posts\/92293","targetHints":{"allow":["GET"]}}],"collection":[{"href":"https:\/\/www.egemtv.com\/index.php?rest_route=\/wp\/v2\/posts"}],"about":[{"href":"https:\/\/www.egemtv.com\/index.php?rest_route=\/wp\/v2\/types\/post"}],"author":[{"embeddable":true,"href":"https:\/\/www.egemtv.com\/index.php?rest_route=\/wp\/v2\/users\/1"}],"replies":[{"embeddable":true,"href":"https:\/\/www.egemtv.com\/index.php?rest_route=%2Fwp%2Fv2%2Fcomments&post=92293"}],"version-history":[{"count":1,"href":"https:\/\/www.egemtv.com\/index.php?rest_route=\/wp\/v2\/posts\/92293\/revisions"}],"predecessor-version":[{"id":92295,"href":"https:\/\/www.egemtv.com\/index.php?rest_route=\/wp\/v2\/posts\/92293\/revisions\/92295"}],"wp:featuredmedia":[{"embeddable":true,"href":"https:\/\/www.egemtv.com\/index.php?rest_route=\/wp\/v2\/media\/92294"}],"wp:attachment":[{"href":"https:\/\/www.egemtv.com\/index.php?rest_route=%2Fwp%2Fv2%2Fmedia&parent=92293"}],"wp:term":[{"taxonomy":"category","embeddable":true,"href":"https:\/\/www.egemtv.com\/index.php?rest_route=%2Fwp%2Fv2%2Fcategories&post=92293"},{"taxonomy":"post_tag","embeddable":true,"href":"https:\/\/www.egemtv.com\/index.php?rest_route=%2Fwp%2Fv2%2Ftags&post=92293"}],"curies":[{"name":"wp","href":"https:\/\/api.w.org\/{rel}","templated":true}]}}