{"id":92290,"date":"2026-03-06T13:34:48","date_gmt":"2026-03-06T10:34:48","guid":{"rendered":"https:\/\/www.egemtv.com\/?p=92290"},"modified":"2026-03-06T13:34:50","modified_gmt":"2026-03-06T10:34:50","slug":"sarigolde-erken-uyari-tahmin-istasyonlarinin-bakimi-yapildi","status":"publish","type":"post","link":"https:\/\/www.egemtv.com\/?p=92290","title":{"rendered":"Sar\u0131g\u00f6l\u2019de erken uyar\u0131 tahmin istasyonlar\u0131n\u0131n bak\u0131m\u0131 yap\u0131ld\u0131"},"content":{"rendered":"<p>Manisa\u2019n\u0131n Sar\u0131g\u00f6l il\u00e7esinde ba\u011f alanlar\u0131nda kurulu bulunan erken uyar\u0131 ve tahmin istasyonlar\u0131n\u0131n bak\u0131m ve temizlik \u00e7al\u0131\u015fmalar\u0131 ger\u00e7ekle\u015ftirildi.<br \/>\n<br \/>Sar\u0131g\u00f6l \u0130l\u00e7e Tar\u0131m ve Orman M\u00fcd\u00fcrl\u00fc\u011f\u00fc teknik ekipleri taraf\u0131ndan il\u00e7e ovas\u0131n\u0131n \u00e7e\u015fitli noktalar\u0131ndaki ba\u011flarda kurulu olan erken uyar\u0131 ve tahmin istasyonlar\u0131nda bak\u0131m ve temizlik \u00e7al\u0131\u015fmalar\u0131 yap\u0131ld\u0131.<br \/>\n<br \/>\u00d6zellikle ba\u011flar\u0131n uyanma ve geli\u015fme d\u00f6nemlerinde \u00fcz\u00fcm \u00fcreticilerinin en b\u00fcy\u00fck risklerinden biri olan don ve k\u0131ra\u011f\u0131 gibi do\u011fa olaylar\u0131n\u0131n erken tespit edilmesi amac\u0131yla kurulan istasyonlardan elde edilen veriler anl\u0131k olarak merkeze iletiliyor. Bu sayede \u00fcreticiler muhtemel risklere kar\u015f\u0131 \u00f6nceden uyar\u0131larak gerekli \u00f6nlemleri alabiliyor.<br \/>\n<br \/>Sar\u0131g\u00f6l \u0130l\u00e7e Tar\u0131m ve Orman M\u00fcd\u00fcrl\u00fc\u011f\u00fc yetkilileri, ba\u011f alanlar\u0131nda kurulu bulunan erken uyar\u0131 istasyonlar\u0131n\u0131n d\u00fczenli olarak kontrol edilip bak\u0131m\u0131n\u0131n yap\u0131ld\u0131\u011f\u0131n\u0131 belirterek, sistemin \u00fcreticilerin zarar g\u00f6rmesini \u00f6nlemek ad\u0131na \u00f6nemli bir g\u00f6rev \u00fcstlendi\u011fini ifade etti.<br \/><\/p>\n","protected":false},"excerpt":{"rendered":"<p>Manisa\u2019n\u0131n Sar\u0131g\u00f6l il\u00e7esinde ba\u011f alanlar\u0131nda kurulu bulunan erken uyar\u0131 ve tahmin istasyonlar\u0131n\u0131n bak\u0131m ve temizlik \u00e7al\u0131\u015fmalar\u0131 ger\u00e7ekle\u015ftirildi. Sar\u0131g\u00f6l \u0130l\u00e7e Tar\u0131m ve Orman M\u00fcd\u00fcrl\u00fc\u011f\u00fc teknik ekipleri taraf\u0131ndan il\u00e7e ovas\u0131n\u0131n \u00e7e\u015fitli noktalar\u0131ndaki ba\u011flarda kurulu olan erken uyar\u0131 ve tahmin istasyonlar\u0131nda bak\u0131m ve temizlik \u00e7al\u0131\u015fmalar\u0131 yap\u0131ld\u0131. \u00d6zellikle ba\u011flar\u0131n uyanma ve geli\u015fme d\u00f6nemlerinde \u00fcz\u00fcm \u00fcreticilerinin en b\u00fcy\u00fck risklerinden biri&#8230;<\/p>\n","protected":false},"author":1,"featured_media":92291,"comment_status":"open","ping_status":"open","sticky":false,"template":"","format":"standard","meta":{"_crdt_document":"","footnotes":""},"categories":[1],"tags":[],"class_list":["post-92290","post","type-post","status-publish","format-standard","has-post-thumbnail","hentry","category-guncel"],"_links":{"self":[{"href":"https:\/\/www.egemtv.com\/index.php?rest_route=\/wp\/v2\/posts\/92290","targetHints":{"allow":["GET"]}}],"collection":[{"href":"https:\/\/www.egemtv.com\/index.php?rest_route=\/wp\/v2\/posts"}],"about":[{"href":"https:\/\/www.egemtv.com\/index.php?rest_route=\/wp\/v2\/types\/post"}],"author":[{"embeddable":true,"href":"https:\/\/www.egemtv.com\/index.php?rest_route=\/wp\/v2\/users\/1"}],"replies":[{"embeddable":true,"href":"https:\/\/www.egemtv.com\/index.php?rest_route=%2Fwp%2Fv2%2Fcomments&post=92290"}],"version-history":[{"count":1,"href":"https:\/\/www.egemtv.com\/index.php?rest_route=\/wp\/v2\/posts\/92290\/revisions"}],"predecessor-version":[{"id":92292,"href":"https:\/\/www.egemtv.com\/index.php?rest_route=\/wp\/v2\/posts\/92290\/revisions\/92292"}],"wp:featuredmedia":[{"embeddable":true,"href":"https:\/\/www.egemtv.com\/index.php?rest_route=\/wp\/v2\/media\/92291"}],"wp:attachment":[{"href":"https:\/\/www.egemtv.com\/index.php?rest_route=%2Fwp%2Fv2%2Fmedia&parent=92290"}],"wp:term":[{"taxonomy":"category","embeddable":true,"href":"https:\/\/www.egemtv.com\/index.php?rest_route=%2Fwp%2Fv2%2Fcategories&post=92290"},{"taxonomy":"post_tag","embeddable":true,"href":"https:\/\/www.egemtv.com\/index.php?rest_route=%2Fwp%2Fv2%2Ftags&post=92290"}],"curies":[{"name":"wp","href":"https:\/\/api.w.org\/{rel}","templated":true}]}}