{"id":92263,"date":"2026-03-06T12:54:52","date_gmt":"2026-03-06T09:54:52","guid":{"rendered":"https:\/\/www.egemtv.com\/?p=92263"},"modified":"2026-03-06T12:54:53","modified_gmt":"2026-03-06T09:54:53","slug":"kutahya-tavsanlida-kizilaydan-gonul-sofrasi","status":"publish","type":"post","link":"https:\/\/www.egemtv.com\/?p=92263","title":{"rendered":"K\u00fctahya Tav\u015fanl\u0131\u2019da K\u0131z\u0131lay\u2019dan g\u00f6n\u00fcl sofras\u0131"},"content":{"rendered":"<p>K\u00fctahya\u2019n\u0131n Tav\u015fanl\u0131 il\u00e7esinde T\u00fcrk K\u0131z\u0131lay Tav\u015fanl\u0131 \u015eubesi taraf\u0131ndan d\u00fczenlenen iftar program\u0131nda, ihtiya\u00e7 sahibi aileler ve g\u00f6n\u00fcll\u00fcler ayn\u0131 sofrada bir araya gelerek Ramazan\u2019\u0131n bereketini payla\u015ft\u0131.<br \/>\n<br \/>Tav\u015fanl\u0131\u2019da yard\u0131mla\u015fma ve dayan\u0131\u015fma ruhu, d\u00fczenlenen anlaml\u0131 bir iftar sofras\u0131yla ta\u00e7land\u0131r\u0131ld\u0131. Levent D\u00fc\u011f\u00fcn Salonu\u2019nda ger\u00e7ekle\u015ftirilen organizasyonda, toplumun farkl\u0131 kesimleri bir araya gelerek birlik ve beraberlik mesaj\u0131 verdi.<br \/>\n<br \/>\u0130ftar program\u0131 sadece yeti\u015fkinlere de\u011fil, \u00e7ocuklara da unutulmaz anlar ya\u015fatt\u0131. Ramazan geleneklerini ya\u015fatmak ad\u0131na \u00e7ocuklara; geleneksel Ramazan \u015ferbeti, dondurma ve balonlar ikram edildi. \u00c7ocuklar\u0131n ne\u015fesi iftar sofras\u0131n\u0131n huzuruna renk katarken, aileler de organizasyondan duyduklar\u0131 memnuniyeti dile getirdi.<br \/>\n<br \/>Programda bir konu\u015fma yapan K\u0131z\u0131lay Tav\u015fanl\u0131 \u015eube Ba\u015fkan\u0131 M\u00fcmtaz Serdaro\u011flu, payla\u015fman\u0131n \u00f6nemine dikkat \u00e7ekti. Serdaro\u011flu, &#8220;\u0130htiya\u00e7 sahibi ailelerimiz ve g\u00f6n\u00fcll\u00fclerimizle ayn\u0131 iftar sofras\u0131nda bulu\u015fman\u0131n mutlulu\u011funu ya\u015f\u0131yoruz. Payla\u015f\u0131lan her lokmada, edilen her duada iyili\u011fin ne kadar g\u00fczel oldu\u011funu bir kez daha hissettik. Bu ak\u015fam\u0131n maneviyat\u0131 hepimizi birle\u015ftirdi&#8221; dedi.<br \/>\n<br \/>Ba\u015fkan Serdaro\u011flu, organizasyonun ger\u00e7ekle\u015fmesinde eme\u011fi ge\u00e7enlere te\u015fekk\u00fcr ederek, &#8220;Kat\u0131l\u0131m sa\u011flayan t\u00fcm ailelerimize, fedakar g\u00f6n\u00fcll\u00fclerimize ve bu ak\u015fam\u0131 organize etmemize destek veren t\u00fcm hay\u0131rsever ba\u011f\u0131\u015f\u00e7\u0131lar\u0131m\u0131za \u015f\u00fckranlar\u0131m\u0131 sunuyorum. K\u0131z\u0131lay olarak her zaman ihtiya\u00e7 sahiplerinin yan\u0131nda olmaya devam edece\u011fiz&#8221; ifadelerini kulland\u0131.<br \/>\n<br \/>Program, yap\u0131lan dualar\u0131n ard\u0131ndan sona erdi.<br \/><\/p>\n","protected":false},"excerpt":{"rendered":"<p>K\u00fctahya\u2019n\u0131n Tav\u015fanl\u0131 il\u00e7esinde T\u00fcrk K\u0131z\u0131lay Tav\u015fanl\u0131 \u015eubesi taraf\u0131ndan d\u00fczenlenen iftar program\u0131nda, ihtiya\u00e7 sahibi aileler ve g\u00f6n\u00fcll\u00fcler ayn\u0131 sofrada bir araya gelerek Ramazan\u2019\u0131n bereketini payla\u015ft\u0131. Tav\u015fanl\u0131\u2019da yard\u0131mla\u015fma ve dayan\u0131\u015fma ruhu, d\u00fczenlenen anlaml\u0131 bir iftar sofras\u0131yla ta\u00e7land\u0131r\u0131ld\u0131. Levent D\u00fc\u011f\u00fcn Salonu\u2019nda ger\u00e7ekle\u015ftirilen organizasyonda, toplumun farkl\u0131 kesimleri bir araya gelerek birlik ve beraberlik mesaj\u0131 verdi. \u0130ftar program\u0131 sadece yeti\u015fkinlere&#8230;<\/p>\n","protected":false},"author":1,"featured_media":92264,"comment_status":"open","ping_status":"open","sticky":false,"template":"","format":"standard","meta":{"_crdt_document":"","footnotes":""},"categories":[1],"tags":[],"class_list":["post-92263","post","type-post","status-publish","format-standard","has-post-thumbnail","hentry","category-guncel"],"_links":{"self":[{"href":"https:\/\/www.egemtv.com\/index.php?rest_route=\/wp\/v2\/posts\/92263","targetHints":{"allow":["GET"]}}],"collection":[{"href":"https:\/\/www.egemtv.com\/index.php?rest_route=\/wp\/v2\/posts"}],"about":[{"href":"https:\/\/www.egemtv.com\/index.php?rest_route=\/wp\/v2\/types\/post"}],"author":[{"embeddable":true,"href":"https:\/\/www.egemtv.com\/index.php?rest_route=\/wp\/v2\/users\/1"}],"replies":[{"embeddable":true,"href":"https:\/\/www.egemtv.com\/index.php?rest_route=%2Fwp%2Fv2%2Fcomments&post=92263"}],"version-history":[{"count":1,"href":"https:\/\/www.egemtv.com\/index.php?rest_route=\/wp\/v2\/posts\/92263\/revisions"}],"predecessor-version":[{"id":92265,"href":"https:\/\/www.egemtv.com\/index.php?rest_route=\/wp\/v2\/posts\/92263\/revisions\/92265"}],"wp:featuredmedia":[{"embeddable":true,"href":"https:\/\/www.egemtv.com\/index.php?rest_route=\/wp\/v2\/media\/92264"}],"wp:attachment":[{"href":"https:\/\/www.egemtv.com\/index.php?rest_route=%2Fwp%2Fv2%2Fmedia&parent=92263"}],"wp:term":[{"taxonomy":"category","embeddable":true,"href":"https:\/\/www.egemtv.com\/index.php?rest_route=%2Fwp%2Fv2%2Fcategories&post=92263"},{"taxonomy":"post_tag","embeddable":true,"href":"https:\/\/www.egemtv.com\/index.php?rest_route=%2Fwp%2Fv2%2Ftags&post=92263"}],"curies":[{"name":"wp","href":"https:\/\/api.w.org\/{rel}","templated":true}]}}