{"id":92260,"date":"2026-03-06T12:14:49","date_gmt":"2026-03-06T09:14:49","guid":{"rendered":"https:\/\/www.egemtv.com\/?p=92260"},"modified":"2026-03-06T12:14:50","modified_gmt":"2026-03-06T09:14:50","slug":"hisarcikta-modifiyeli-ve-cevreye-rahatsizlik-veren-araclara-siki-denetim","status":"publish","type":"post","link":"https:\/\/www.egemtv.com\/?p=92260","title":{"rendered":"Hisarc\u0131k\u2019ta modifiyeli ve \u00e7evreye rahats\u0131zl\u0131k veren ara\u00e7lara s\u0131k\u0131 denetim"},"content":{"rendered":"<p>K\u00fctahya\u2019n\u0131n Hisarc\u0131k \u0130l\u00e7e Emniyet Amirli\u011fi trafik ekipleri, modifiyeli ara\u00e7lar ile vatanda\u015flar\u0131n huzurunu bozacak \u015fekilde \u00e7evreye rahats\u0131zl\u0131k veren ara\u00e7lara y\u00f6nelik denetimlerini s\u0131k\u0131la\u015ft\u0131rd\u0131.<br \/>\n<br \/>Hisarc\u0131k Kaymakam\u0131 Erkan Atam\u2019\u0131n bizzat takip etti\u011fi ve destek verdi\u011fi uygulamalarda, trafik g\u00fcvenli\u011fini tehlikeye atan ve mevzuata ayk\u0131r\u0131 donan\u0131mlara sahip ara\u00e7lar mercek alt\u0131na al\u0131nd\u0131. Emniyet Amirli\u011fi trafik ekiplerince il\u00e7e genelinde farkl\u0131 noktalarda e\u015f zamanl\u0131 olarak ger\u00e7ekle\u015ftirilen denetimlerde; ara\u00e7larda orijinal donan\u0131m d\u0131\u015f\u0131 yap\u0131lan modifiyeler, \u00e7evreye y\u00fcksek ses yayan egzoz sistemleri, standart d\u0131\u015f\u0131 ses sistemleri ile kanuna ayk\u0131r\u0131 far ve ayd\u0131nlatma d\u00fczenekleri tek tek kontrol edildi. Kurallara uymayan ara\u00e7 sahiplerine cezai i\u015flem uygulan\u0131rken, mevzuata ayk\u0131r\u0131 unsurlar\u0131n giderilmesi i\u00e7in s\u00fcre tan\u0131nd\u0131.<br \/>\n<br \/>Yetkililer, denetimlerin belirli bir takvime ba\u011fl\u0131 kalmaks\u0131z\u0131n g\u00fcn ve saat s\u0131n\u0131rlamas\u0131 g\u00f6zetilmeden yo\u011fun bir \u015fekilde devam edece\u011fini, vatanda\u015flar\u0131n huzurunun korunmas\u0131 noktas\u0131nda taviz verilmeyece\u011fini belirtti.<br \/><\/p>\n","protected":false},"excerpt":{"rendered":"<p>K\u00fctahya\u2019n\u0131n Hisarc\u0131k \u0130l\u00e7e Emniyet Amirli\u011fi trafik ekipleri, modifiyeli ara\u00e7lar ile vatanda\u015flar\u0131n huzurunu bozacak \u015fekilde \u00e7evreye rahats\u0131zl\u0131k veren ara\u00e7lara y\u00f6nelik denetimlerini s\u0131k\u0131la\u015ft\u0131rd\u0131. Hisarc\u0131k Kaymakam\u0131 Erkan Atam\u2019\u0131n bizzat takip etti\u011fi ve destek verdi\u011fi uygulamalarda, trafik g\u00fcvenli\u011fini tehlikeye atan ve mevzuata ayk\u0131r\u0131 donan\u0131mlara sahip ara\u00e7lar mercek alt\u0131na al\u0131nd\u0131. Emniyet Amirli\u011fi trafik ekiplerince il\u00e7e genelinde farkl\u0131 noktalarda e\u015f zamanl\u0131&#8230;<\/p>\n","protected":false},"author":1,"featured_media":92261,"comment_status":"open","ping_status":"open","sticky":false,"template":"","format":"standard","meta":{"_crdt_document":"","footnotes":""},"categories":[5],"tags":[],"class_list":["post-92260","post","type-post","status-publish","format-standard","has-post-thumbnail","hentry","category-asayis"],"_links":{"self":[{"href":"https:\/\/www.egemtv.com\/index.php?rest_route=\/wp\/v2\/posts\/92260","targetHints":{"allow":["GET"]}}],"collection":[{"href":"https:\/\/www.egemtv.com\/index.php?rest_route=\/wp\/v2\/posts"}],"about":[{"href":"https:\/\/www.egemtv.com\/index.php?rest_route=\/wp\/v2\/types\/post"}],"author":[{"embeddable":true,"href":"https:\/\/www.egemtv.com\/index.php?rest_route=\/wp\/v2\/users\/1"}],"replies":[{"embeddable":true,"href":"https:\/\/www.egemtv.com\/index.php?rest_route=%2Fwp%2Fv2%2Fcomments&post=92260"}],"version-history":[{"count":1,"href":"https:\/\/www.egemtv.com\/index.php?rest_route=\/wp\/v2\/posts\/92260\/revisions"}],"predecessor-version":[{"id":92262,"href":"https:\/\/www.egemtv.com\/index.php?rest_route=\/wp\/v2\/posts\/92260\/revisions\/92262"}],"wp:featuredmedia":[{"embeddable":true,"href":"https:\/\/www.egemtv.com\/index.php?rest_route=\/wp\/v2\/media\/92261"}],"wp:attachment":[{"href":"https:\/\/www.egemtv.com\/index.php?rest_route=%2Fwp%2Fv2%2Fmedia&parent=92260"}],"wp:term":[{"taxonomy":"category","embeddable":true,"href":"https:\/\/www.egemtv.com\/index.php?rest_route=%2Fwp%2Fv2%2Fcategories&post=92260"},{"taxonomy":"post_tag","embeddable":true,"href":"https:\/\/www.egemtv.com\/index.php?rest_route=%2Fwp%2Fv2%2Ftags&post=92260"}],"curies":[{"name":"wp","href":"https:\/\/api.w.org\/{rel}","templated":true}]}}